{"id":2974,"date":"2021-09-17T18:12:14","date_gmt":"2021-09-17T17:12:14","guid":{"rendered":"https:\/\/staging.ordemdosfisioterapeutas.pt\/?p=2974"},"modified":"2021-09-17T18:14:57","modified_gmt":"2021-09-17T17:14:57","slug":"a-comissao-instaladora-da-ordem-dos-fisioterapeutas-reune-com-representantes-das-instituicoes-do-ensino-superior","status":"publish","type":"post","link":"https:\/\/staging.ordemdosfisioterapeutas.pt\/en\/noticias\/a-comissao-instaladora-da-ordem-dos-fisioterapeutas-reune-com-representantes-das-instituicoes-do-ensino-superior\/","title":{"rendered":"The Installation Commission of the Order of Physiotherapists meets with representatives of Higher Education Institutions"},"content":{"rendered":"<div data-elementor-type=\"wp-post\" data-elementor-id=\"2974\" class=\"elementor elementor-2974\" data-elementor-post-type=\"post\">\n\t\t\t\t\t\t<section class=\"elementor-section elementor-top-section elementor-element elementor-element-b6de0e9 elementor-section-boxed elementor-section-height-default elementor-section-height-default\" data-id=\"b6de0e9\" data-element_type=\"section\" data-e-type=\"section\">\n\t\t\t\t\t\t<div class=\"elementor-container elementor-column-gap-default\">\n\t\t\t\t\t<div class=\"elementor-column elementor-col-100 elementor-top-column elementor-element elementor-element-aad8e1b\" data-id=\"aad8e1b\" data-element_type=\"column\" data-e-type=\"column\">\n\t\t\t<div class=\"elementor-widget-wrap elementor-element-populated\">\n\t\t\t\t\t\t<div class=\"elementor-element elementor-element-cb6153a elementor-widget elementor-widget-text-editor\" data-id=\"cb6153a\" data-element_type=\"widget\" data-e-type=\"widget\" data-widget_type=\"text-editor.default\">\n\t\t\t\t<div class=\"elementor-widget-container\">\n\t\t\t\t\t\t\t\t\t<p>The Order's Installation Commission (IC) met with the management of the <strong>CCISP<\/strong> - Coordinating Council for Higher Polytechnic Institutes and the <strong>APESP<\/strong> - Associa\u00e7\u00e3o Portuguesa do Ensino Superior Privado (Portuguese Association of Private Higher Education), the structures representing Portuguese Higher Education Institutions (HEIs) in the public sector and the private and co-operative sector, respectively. The meetings with CCISP took place on 30 May and 30 July and the meeting with APESP took place on 30 June.<br \/><br \/>In addition to the presentation of greetings, both meetings discussed issues of mutual interest, which were focussed on in particular:<br \/><br \/>1 - Collaboration to facilitate the procedures for enrolling new graduates in the Bar;<br \/>2 - Promoting the quality of physiotherapy teaching at undergraduate level, with the Order's IC presenting the benchmark for convergence with international standards;<br \/>3 - The prospects for the development of specialities within the profession and the combination of postgraduate training and higher academic degrees.<br \/><br \/>All the meetings concluded on the need for strategic and complementary cooperation, while recognising the different nature of the organisations involved.<br \/>As a complement to this approach at the level of organisations representing the education sector, CI has maintained a direct, formal dialogue with the heads of higher education institutions with initial training in physiotherapy, and with the directors\/coordinators of the respective courses, which has proved fruitful.<\/p><p>In its contact with the HEIs, the Order's IC has emphasised respect for the autonomy of the respective pedagogical and scientific bodies, and has valued the role of the HEIs in terms of professional development. In this context, it should be noted that the convergence benchmark for the initial training of physiotherapists adopted by the Order's IC is based on a proposal put forward at the initiative of a wide range of teachers.<\/p><p>The Order's IC has also been developing contacts with the <strong>A3ES<\/strong> - Ag\u00eancia de Avalia\u00e7\u00e3o e Acredita\u00e7\u00e3o do Ensino Superior (Higher Education Assessment and Accreditation Agency), awaiting the scheduling of a meeting to present greetings to the new Board of Directors of that organisation.<br \/><br \/><br \/>Note - Picture of the OF \/ APESP meeting: Ant\u00f3nio Almeida Dias, Jos\u00e9 Jo\u00e3o Mendes, Jos\u00e9 Manuel Silva and Miguel Copetto and, on the Installing Committee side, Isabel Souza Guerra, Ant\u00f3nio Lopes and Nuno Cordeiro.<\/p>\t\t\t\t\t\t\t\t<\/div>\n\t\t\t\t<\/div>\n\t\t\t\t\t<\/div>\n\t\t<\/div>\n\t\t\t\t\t<\/div>\n\t\t<\/section>\n\t\t\t\t<\/div>","protected":false},"excerpt":{"rendered":"<p>The Installing Committee (IC) of the Portuguese Bar Association met with the directors of the CCISP - Coordinating Council of Polytechnic Higher Education Institutes and the APESP - Portuguese Association of Private Higher Education, structures representing Portuguese Higher Education Institutions (HEIs) in the public sector and the private and co-operative sector, respectively. The meetings with CCISP took place on 30 May and 30 July and the meeting with APESP took place on 30 June.<\/p>","protected":false},"author":1,"featured_media":2973,"comment_status":"closed","ping_status":"open","sticky":false,"template":"","format":"standard","meta":{"footnotes":""},"categories":[13],"tags":[],"class_list":["post-2974","post","type-post","status-publish","format-standard","has-post-thumbnail","hentry","category-noticias"],"_links":{"self":[{"href":"https:\/\/staging.ordemdosfisioterapeutas.pt\/en\/wp-json\/wp\/v2\/posts\/2974","targetHints":{"allow":["GET"]}}],"collection":[{"href":"https:\/\/staging.ordemdosfisioterapeutas.pt\/en\/wp-json\/wp\/v2\/posts"}],"about":[{"href":"https:\/\/staging.ordemdosfisioterapeutas.pt\/en\/wp-json\/wp\/v2\/types\/post"}],"author":[{"embeddable":true,"href":"https:\/\/staging.ordemdosfisioterapeutas.pt\/en\/wp-json\/wp\/v2\/users\/1"}],"replies":[{"embeddable":true,"href":"https:\/\/staging.ordemdosfisioterapeutas.pt\/en\/wp-json\/wp\/v2\/comments?post=2974"}],"version-history":[{"count":0,"href":"https:\/\/staging.ordemdosfisioterapeutas.pt\/en\/wp-json\/wp\/v2\/posts\/2974\/revisions"}],"wp:featuredmedia":[{"embeddable":true,"href":"https:\/\/staging.ordemdosfisioterapeutas.pt\/en\/wp-json\/wp\/v2\/media\/2973"}],"wp:attachment":[{"href":"https:\/\/staging.ordemdosfisioterapeutas.pt\/en\/wp-json\/wp\/v2\/media?parent=2974"}],"wp:term":[{"taxonomy":"category","embeddable":true,"href":"https:\/\/staging.ordemdosfisioterapeutas.pt\/en\/wp-json\/wp\/v2\/categories?post=2974"},{"taxonomy":"post_tag","embeddable":true,"href":"https:\/\/staging.ordemdosfisioterapeutas.pt\/en\/wp-json\/wp\/v2\/tags?post=2974"}],"curies":[{"name":"wp","href":"https:\/\/api.w.org\/{rel}","templated":true}]}}