{"id":3740,"date":"2021-12-23T16:28:29","date_gmt":"2021-12-23T16:28:29","guid":{"rendered":"https:\/\/staging.ordemdosfisioterapeutas.pt\/?p=3740"},"modified":"2021-12-23T16:29:07","modified_gmt":"2021-12-23T16:29:07","slug":"direcao-da-ordem-ratificada-em-reuniao-do-conselho-geral","status":"publish","type":"post","link":"https:\/\/staging.ordemdosfisioterapeutas.pt\/en\/noticias\/direcao-da-ordem-ratificada-em-reuniao-do-conselho-geral\/","title":{"rendered":"Board of the Order ratified at General Council meeting"},"content":{"rendered":"<div data-elementor-type=\"wp-post\" data-elementor-id=\"3740\" class=\"elementor elementor-3740\" data-elementor-post-type=\"post\">\n\t\t\t\t\t\t<section class=\"elementor-section elementor-top-section elementor-element elementor-element-a64df80 elementor-section-boxed elementor-section-height-default elementor-section-height-default\" data-id=\"a64df80\" data-element_type=\"section\" data-e-type=\"section\">\n\t\t\t\t\t\t<div class=\"elementor-container elementor-column-gap-default\">\n\t\t\t\t\t<div class=\"elementor-column elementor-col-100 elementor-top-column elementor-element elementor-element-b218086\" data-id=\"b218086\" data-element_type=\"column\" data-e-type=\"column\">\n\t\t\t<div class=\"elementor-widget-wrap elementor-element-populated\">\n\t\t\t\t\t\t<div class=\"elementor-element elementor-element-ecf5e7f elementor-widget elementor-widget-text-editor\" data-id=\"ecf5e7f\" data-element_type=\"widget\" data-e-type=\"widget\" data-widget_type=\"text-editor.default\">\n\t\t\t\t<div class=\"elementor-widget-container\">\n\t\t\t\t\t\t\t\t\t<p>On 21 December 2021, the General Council of the Order of Physiotherapists held a meeting where, under Article 25 of the Order's Statutes, the Board of Directors appointed by the President Prof. Ant\u00f3nio Manuel Fernandes Lopes was assessed and ratified.<\/p><p>The board is made up of Ant\u00f3nio Manuel Fernandes Lopes (President), Nuno do Carmo Antunes Cordeiro (1st Vice President), Maria da Concei\u00e7\u00e3o Mada\u00edl Caldeira Bettencourt (2nd Vice President), Pedro Jorge Lapa Rebelo (Member), F\u00e1tima Esteves Domingues (Member), Ana Sofia Gouveia Gon\u00e7alves (Member) and Afonso Neutel (Member).<\/p>\t\t\t\t\t\t\t\t<\/div>\n\t\t\t\t<\/div>\n\t\t\t\t\t<\/div>\n\t\t<\/div>\n\t\t\t\t\t<\/div>\n\t\t<\/section>\n\t\t\t\t<\/div>","protected":false},"excerpt":{"rendered":"<p>On 21 December 2021, the General Council of the Order of Physiotherapists held a meeting where, under Article 25 of the Order's Statutes, the Board of Directors appointed by the President Prof. Ant\u00f3nio Manuel Fernandes Lopes was assessed and ratified.<\/p>","protected":false},"author":1,"featured_media":3741,"comment_status":"closed","ping_status":"open","sticky":false,"template":"","format":"standard","meta":{"footnotes":""},"categories":[13],"tags":[],"class_list":["post-3740","post","type-post","status-publish","format-standard","has-post-thumbnail","hentry","category-noticias"],"_links":{"self":[{"href":"https:\/\/staging.ordemdosfisioterapeutas.pt\/en\/wp-json\/wp\/v2\/posts\/3740","targetHints":{"allow":["GET"]}}],"collection":[{"href":"https:\/\/staging.ordemdosfisioterapeutas.pt\/en\/wp-json\/wp\/v2\/posts"}],"about":[{"href":"https:\/\/staging.ordemdosfisioterapeutas.pt\/en\/wp-json\/wp\/v2\/types\/post"}],"author":[{"embeddable":true,"href":"https:\/\/staging.ordemdosfisioterapeutas.pt\/en\/wp-json\/wp\/v2\/users\/1"}],"replies":[{"embeddable":true,"href":"https:\/\/staging.ordemdosfisioterapeutas.pt\/en\/wp-json\/wp\/v2\/comments?post=3740"}],"version-history":[{"count":0,"href":"https:\/\/staging.ordemdosfisioterapeutas.pt\/en\/wp-json\/wp\/v2\/posts\/3740\/revisions"}],"wp:featuredmedia":[{"embeddable":true,"href":"https:\/\/staging.ordemdosfisioterapeutas.pt\/en\/wp-json\/wp\/v2\/media\/3741"}],"wp:attachment":[{"href":"https:\/\/staging.ordemdosfisioterapeutas.pt\/en\/wp-json\/wp\/v2\/media?parent=3740"}],"wp:term":[{"taxonomy":"category","embeddable":true,"href":"https:\/\/staging.ordemdosfisioterapeutas.pt\/en\/wp-json\/wp\/v2\/categories?post=3740"},{"taxonomy":"post_tag","embeddable":true,"href":"https:\/\/staging.ordemdosfisioterapeutas.pt\/en\/wp-json\/wp\/v2\/tags?post=3740"}],"curies":[{"name":"wp","href":"https:\/\/api.w.org\/{rel}","templated":true}]}}