{"id":4044,"date":"2022-03-06T16:07:05","date_gmt":"2022-03-06T16:07:05","guid":{"rendered":"https:\/\/staging.ordemdosfisioterapeutas.pt\/?p=4044"},"modified":"2022-03-06T16:08:05","modified_gmt":"2022-03-06T16:08:05","slug":"tomada-de-posse-ordem-dos-engenheiros-tecnicos","status":"publish","type":"post","link":"https:\/\/staging.ordemdosfisioterapeutas.pt\/en\/noticias\/tomada-de-posse-ordem-dos-engenheiros-tecnicos\/","title":{"rendered":"Taking office - Order of Technical Engineers"},"content":{"rendered":"<div data-elementor-type=\"wp-post\" data-elementor-id=\"4044\" class=\"elementor elementor-4044\" data-elementor-post-type=\"post\">\n\t\t\t\t\t\t<section class=\"elementor-section elementor-top-section elementor-element elementor-element-db5116e elementor-section-boxed elementor-section-height-default elementor-section-height-default\" data-id=\"db5116e\" data-element_type=\"section\" data-e-type=\"section\">\n\t\t\t\t\t\t<div class=\"elementor-container elementor-column-gap-default\">\n\t\t\t\t\t<div class=\"elementor-column elementor-col-100 elementor-top-column elementor-element elementor-element-506b786\" data-id=\"506b786\" data-element_type=\"column\" data-e-type=\"column\">\n\t\t\t<div class=\"elementor-widget-wrap elementor-element-populated\">\n\t\t\t\t\t\t<div class=\"elementor-element elementor-element-5132b9b elementor-widget elementor-widget-text-editor\" data-id=\"5132b9b\" data-element_type=\"widget\" data-e-type=\"widget\" data-widget_type=\"text-editor.default\">\n\t\t\t\t<div class=\"elementor-widget-container\">\n\t\t\t\t\t\t\t\t\t<p>The President of the Order of Physiotherapists, Ant\u00f3nio Lopes, attended the swearing-in ceremony of the national and regional bodies and the board of the speciality colleges of the Order of Technical Engineers on 13 January.\u00a0<\/p><p>The Order of Physiotherapists congratulates the elected bodies of the OET, wishing them a very successful mandate.<\/p><p>In the photo: President of the Order of Engineers, Carlos Mineiro Aires, President of the Order of Certified Accountants, Paula Franco, President of the Order of Technical Engineers, Augusto Ferreira Guedes, President of the Order of Economists, Ant\u00f3nio Mendon\u00e7a, Vice-President of the Bar Association, Pedro Tenreiro Biscaia, President of the Order of Physiotherapists, Ant\u00f3nio Lopes, Jo\u00e3o Pedro Amorim representing the Order of Solicitors and Enforcement Agents.<\/p>\t\t\t\t\t\t\t\t<\/div>\n\t\t\t\t<\/div>\n\t\t\t\t\t<\/div>\n\t\t<\/div>\n\t\t\t\t\t<\/div>\n\t\t<\/section>\n\t\t\t\t<\/div>","protected":false},"excerpt":{"rendered":"<p>The President of the Order of Physiotherapists, Ant\u00f3nio Lopes, attended the swearing-in ceremony of the national and regional bodies and the board of the speciality colleges of the Order of Technical Engineers on 13 January.<\/p>","protected":false},"author":1,"featured_media":4046,"comment_status":"closed","ping_status":"open","sticky":false,"template":"","format":"standard","meta":{"footnotes":""},"categories":[13],"tags":[],"class_list":["post-4044","post","type-post","status-publish","format-standard","has-post-thumbnail","hentry","category-noticias"],"_links":{"self":[{"href":"https:\/\/staging.ordemdosfisioterapeutas.pt\/en\/wp-json\/wp\/v2\/posts\/4044","targetHints":{"allow":["GET"]}}],"collection":[{"href":"https:\/\/staging.ordemdosfisioterapeutas.pt\/en\/wp-json\/wp\/v2\/posts"}],"about":[{"href":"https:\/\/staging.ordemdosfisioterapeutas.pt\/en\/wp-json\/wp\/v2\/types\/post"}],"author":[{"embeddable":true,"href":"https:\/\/staging.ordemdosfisioterapeutas.pt\/en\/wp-json\/wp\/v2\/users\/1"}],"replies":[{"embeddable":true,"href":"https:\/\/staging.ordemdosfisioterapeutas.pt\/en\/wp-json\/wp\/v2\/comments?post=4044"}],"version-history":[{"count":0,"href":"https:\/\/staging.ordemdosfisioterapeutas.pt\/en\/wp-json\/wp\/v2\/posts\/4044\/revisions"}],"wp:featuredmedia":[{"embeddable":true,"href":"https:\/\/staging.ordemdosfisioterapeutas.pt\/en\/wp-json\/wp\/v2\/media\/4046"}],"wp:attachment":[{"href":"https:\/\/staging.ordemdosfisioterapeutas.pt\/en\/wp-json\/wp\/v2\/media?parent=4044"}],"wp:term":[{"taxonomy":"category","embeddable":true,"href":"https:\/\/staging.ordemdosfisioterapeutas.pt\/en\/wp-json\/wp\/v2\/categories?post=4044"},{"taxonomy":"post_tag","embeddable":true,"href":"https:\/\/staging.ordemdosfisioterapeutas.pt\/en\/wp-json\/wp\/v2\/tags?post=4044"}],"curies":[{"name":"wp","href":"https:\/\/api.w.org\/{rel}","templated":true}]}}