{"id":4624,"date":"2022-06-07T19:46:28","date_gmt":"2022-06-07T18:46:28","guid":{"rendered":"https:\/\/staging.ordemdosfisioterapeutas.pt\/?p=4624"},"modified":"2022-06-07T19:49:48","modified_gmt":"2022-06-07T18:49:48","slug":"encontro-da-ordem-dos-fisioterapeutas-com-a-associacao-portuguesa-de-fisioterapeutas","status":"publish","type":"post","link":"https:\/\/staging.ordemdosfisioterapeutas.pt\/en\/noticias\/encontro-da-ordem-dos-fisioterapeutas-com-a-associacao-portuguesa-de-fisioterapeutas\/","title":{"rendered":"Meeting of the Order of Physiotherapists with the Portuguese Association of Physiotherapists"},"content":{"rendered":"<div data-elementor-type=\"wp-post\" data-elementor-id=\"4624\" class=\"elementor elementor-4624\" data-elementor-post-type=\"post\">\n\t\t\t\t\t\t<section class=\"elementor-section elementor-top-section elementor-element elementor-element-22ea99c elementor-section-boxed elementor-section-height-default elementor-section-height-default\" data-id=\"22ea99c\" data-element_type=\"section\" data-e-type=\"section\">\n\t\t\t\t\t\t<div class=\"elementor-container elementor-column-gap-default\">\n\t\t\t\t\t<div class=\"elementor-column elementor-col-100 elementor-top-column elementor-element elementor-element-05bb866\" data-id=\"05bb866\" data-element_type=\"column\" data-e-type=\"column\">\n\t\t\t<div class=\"elementor-widget-wrap elementor-element-populated\">\n\t\t\t\t\t\t<div class=\"elementor-element elementor-element-2225b80 elementor-widget elementor-widget-text-editor\" data-id=\"2225b80\" data-element_type=\"widget\" data-e-type=\"widget\" data-widget_type=\"text-editor.default\">\n\t\t\t\t<div class=\"elementor-widget-container\">\n\t\t\t\t\t\t\t\t\t<p>The Board of the Order of Physiotherapists (OF) met with the new National Board of the Portuguese Association of Physiotherapists (APFISIO).<\/p><p>The meeting, which took place on 10 May, was attended by President Ant\u00f3nio Lopes and members Pedro Rebelo and Afonso Neutel, representing the Order, and President Maria Jo\u00e3o Bigode and Vice-President S\u00e9rgio Neto, representing the Association.<\/p><p>Greetings were presented to APFISIO's newly elected governing bodies and the most relevant issues of the institutional relationship between the Order and the Association were analysed, under the terms of the memorandum of understanding signed in 2020, in which it was agreed to establish the progressive and necessary conditions so that, as soon as possible, the Order of Physiotherapists will have a seat, by affiliation, in World Physiotherapy.<\/p><p>In this context, the Order, as the structure that regulates Physiotherapy and Physiotherapists in Portugal, informed that it would formalise its candidacy for the World Physiotherapy (WP), with effect from January 2023, and APFISIO naturally recognised this candidacy.<\/p><p>In order not to suddenly interrupt the work that has been carried out by APFISIO's Interest Groups, which would automatically lose international representation at the WP, the Order of Physiotherapists has guaranteed that it will ensure that the <em>endorsement<\/em> of all the groups, on a transitional basis, until the Order's own representative structures are in a position to take on membership of the international organisation. \u00a0\u00a0<\/p><p>\u00a0The <em>endorsement <\/em>will be analysed in due course by the Order with each Interest Group individually and with APFisio's National Board of Directors, depending on the characteristics and needs of each one.<\/p><p>The Order of Physiotherapists and the Portuguese Association of Physiotherapists also agreed to hold regular meetings to clarify their respective roles in pursuing the goals of developing physiotherapy in Portugal and increasing literacy as an important step in affirming the profession.<\/p><p>\u00a0<\/p>\t\t\t\t\t\t\t\t<\/div>\n\t\t\t\t<\/div>\n\t\t\t\t\t<\/div>\n\t\t<\/div>\n\t\t\t\t\t<\/div>\n\t\t<\/section>\n\t\t\t\t<\/div>","protected":false},"excerpt":{"rendered":"<p>The Board of the Order of Physiotherapists (OF) met with the new National Board of the Portuguese Association of Physiotherapists (APFISIO).<\/p>","protected":false},"author":1,"featured_media":4625,"comment_status":"closed","ping_status":"open","sticky":false,"template":"","format":"standard","meta":{"footnotes":""},"categories":[13],"tags":[],"class_list":["post-4624","post","type-post","status-publish","format-standard","has-post-thumbnail","hentry","category-noticias"],"_links":{"self":[{"href":"https:\/\/staging.ordemdosfisioterapeutas.pt\/en\/wp-json\/wp\/v2\/posts\/4624","targetHints":{"allow":["GET"]}}],"collection":[{"href":"https:\/\/staging.ordemdosfisioterapeutas.pt\/en\/wp-json\/wp\/v2\/posts"}],"about":[{"href":"https:\/\/staging.ordemdosfisioterapeutas.pt\/en\/wp-json\/wp\/v2\/types\/post"}],"author":[{"embeddable":true,"href":"https:\/\/staging.ordemdosfisioterapeutas.pt\/en\/wp-json\/wp\/v2\/users\/1"}],"replies":[{"embeddable":true,"href":"https:\/\/staging.ordemdosfisioterapeutas.pt\/en\/wp-json\/wp\/v2\/comments?post=4624"}],"version-history":[{"count":0,"href":"https:\/\/staging.ordemdosfisioterapeutas.pt\/en\/wp-json\/wp\/v2\/posts\/4624\/revisions"}],"wp:featuredmedia":[{"embeddable":true,"href":"https:\/\/staging.ordemdosfisioterapeutas.pt\/en\/wp-json\/wp\/v2\/media\/4625"}],"wp:attachment":[{"href":"https:\/\/staging.ordemdosfisioterapeutas.pt\/en\/wp-json\/wp\/v2\/media?parent=4624"}],"wp:term":[{"taxonomy":"category","embeddable":true,"href":"https:\/\/staging.ordemdosfisioterapeutas.pt\/en\/wp-json\/wp\/v2\/categories?post=4624"},{"taxonomy":"post_tag","embeddable":true,"href":"https:\/\/staging.ordemdosfisioterapeutas.pt\/en\/wp-json\/wp\/v2\/tags?post=4624"}],"curies":[{"name":"wp","href":"https:\/\/api.w.org\/{rel}","templated":true}]}}