{"id":4731,"date":"2022-06-23T16:15:00","date_gmt":"2022-06-23T15:15:00","guid":{"rendered":"https:\/\/staging.ordemdosfisioterapeutas.pt\/?p=4731"},"modified":"2022-06-29T13:49:34","modified_gmt":"2022-06-29T12:49:34","slug":"bastonario-da-ordem-dos-fisioterapeutas-participou-na-discussao-do-plano-estrategico-da-escola-superior-de-saude-de-santa-maria","status":"publish","type":"post","link":"https:\/\/staging.ordemdosfisioterapeutas.pt\/en\/noticias\/bastonario-da-ordem-dos-fisioterapeutas-participou-na-discussao-do-plano-estrategico-da-escola-superior-de-saude-de-santa-maria\/","title":{"rendered":"President of the Order of Physiotherapists took part in the discussion of the Strategic Plan of the Santa Maria School of Health"},"content":{"rendered":"<div data-elementor-type=\"wp-post\" data-elementor-id=\"4731\" class=\"elementor elementor-4731\" data-elementor-post-type=\"post\">\n\t\t\t\t\t\t<section class=\"elementor-section elementor-top-section elementor-element elementor-element-cdd773a elementor-section-boxed elementor-section-height-default elementor-section-height-default\" data-id=\"cdd773a\" data-element_type=\"section\" data-e-type=\"section\">\n\t\t\t\t\t\t<div class=\"elementor-container elementor-column-gap-default\">\n\t\t\t\t\t<div class=\"elementor-column elementor-col-100 elementor-top-column elementor-element elementor-element-b71993b\" data-id=\"b71993b\" data-element_type=\"column\" data-e-type=\"column\">\n\t\t\t<div class=\"elementor-widget-wrap elementor-element-populated\">\n\t\t\t\t\t\t<div class=\"elementor-element elementor-element-de92d94 elementor-widget elementor-widget-text-editor\" data-id=\"de92d94\" data-element_type=\"widget\" data-e-type=\"widget\" data-widget_type=\"text-editor.default\">\n\t\t\t\t<div class=\"elementor-widget-container\">\n\t\t\t\t\t\t\t\t\t<p>The President of the Order of Physiotherapists, Ant\u00f3nio Lopes, was invited to take part in the discussion of the Strategic Plan of the Escola Superior de Sa\u00fade de Santa Maria (ESSSM) for the years 2023-2027, which took place on 4 June at the Col\u00e9gio Luso-Franc\u00eas in Porto, with the presence of the Board of Directors, Teachers, Employees, Students and Partners of ESSSM.<\/p><p>With a reflection centred on the history and future of Physiotherapy, the President presented the integrated perspective of the work that the Order is doing to develop and affirm the profession. Ant\u00f3nio Lopes pointed out that there are three driving forces behind the development of the profession: one centred on the regulatory (legislative) framework and planning of human resources in the health area; one centred on the production and preparation of the necessary human resources and a third that employs existing human resources. He emphasised that although each pole has different actors, decision-makers and dynamics, the three influence each other and a change in one pole can have an impact on the others.<\/p><p>From this reflection come the three pillars that guide the mandate of the current Board of the Order of Physiotherapists:<\/p><p><strong>- Physiotherapy, as a scientific discipline<\/strong> (a hub for basic and specialised education and research);<\/p><p><strong>- Physiotherapy as a regulated profession<\/strong> (pole of the regulatory framework - to which self-regulation has now been added, and the redefinition of the professional profile, the creation of the code of ethics and technical standards;<\/p><p><strong>- Physiotherapy as a service<\/strong> (a centre for the employment and use of physiotherapists, in a variety of sectors and contexts).<\/p><p>In this context, the President took the opportunity to emphasise the importance of joint and regular work between higher education institutions and the Order of Physiotherapists, in order to maximise the gains that the Order's regulatory role could have on education and the effective provision of physiotherapy services.<\/p>\t\t\t\t\t\t\t\t<\/div>\n\t\t\t\t<\/div>\n\t\t\t\t<div class=\"elementor-element elementor-element-095173d elementor-widget elementor-widget-gallery\" data-id=\"095173d\" data-element_type=\"widget\" data-e-type=\"widget\" data-settings=\"{&quot;lazyload&quot;:&quot;yes&quot;,&quot;gallery_layout&quot;:&quot;grid&quot;,&quot;columns&quot;:4,&quot;columns_tablet&quot;:2,&quot;columns_mobile&quot;:1,&quot;gap&quot;:{&quot;unit&quot;:&quot;px&quot;,&quot;size&quot;:10,&quot;sizes&quot;:[]},&quot;gap_tablet&quot;:{&quot;unit&quot;:&quot;px&quot;,&quot;size&quot;:10,&quot;sizes&quot;:[]},&quot;gap_mobile&quot;:{&quot;unit&quot;:&quot;px&quot;,&quot;size&quot;:10,&quot;sizes&quot;:[]},&quot;link_to&quot;:&quot;file&quot;,&quot;aspect_ratio&quot;:&quot;3:2&quot;,&quot;overlay_background&quot;:&quot;yes&quot;,&quot;content_hover_animation&quot;:&quot;fade-in&quot;}\" data-widget_type=\"gallery.default\">\n\t\t\t\t<div class=\"elementor-widget-container\">\n\t\t\t\t\t\t\t<div class=\"elementor-gallery__container\">\n\t\t\t\t\t\t\t<a class=\"e-gallery-item elementor-gallery-item elementor-animated-content\" href=\"https:\/\/staging.ordemdosfisioterapeutas.pt\/wp-content\/uploads\/2022\/06\/IMG_4045.jpg\" data-elementor-open-lightbox=\"yes\" data-elementor-lightbox-slideshow=\"095173d\" data-elementor-lightbox-title=\"Baston\u00e1rio da Ordem dos Fisioterapeutas participou na discuss\u00e3o do Plano Estrat\u00e9gico da Escola Superior de Sa\u00fade de Santa Maria\" data-elementor-lightbox-description=\"Baston\u00e1rio da Ordem dos Fisioterapeutas participou na discuss\u00e3o do Plano Estrat\u00e9gico da Escola Superior de Sa\u00fade de Santa Maria\" data-e-action-hash=\"#elementor-action%3Aaction%3Dlightbox%26settings%3DeyJpZCI6NDc0MSwidXJsIjoiaHR0cHM6XC9cL3N0YWdpbmcub3JkZW1kb3NmaXNpb3RlcmFwZXV0YXMucHRcL3dwLWNvbnRlbnRcL3VwbG9hZHNcLzIwMjJcLzA2XC9JTUdfNDA0NS5qcGciLCJzbGlkZXNob3ciOiIwOTUxNzNkIn0%3D\">\n\t\t\t\t\t<div class=\"e-gallery-image elementor-gallery-item__image\" data-thumbnail=\"https:\/\/staging.ordemdosfisioterapeutas.pt\/wp-content\/uploads\/2022\/06\/IMG_4045-300x200.jpg\" data-width=\"300\" data-height=\"200\" aria-label=\"President of the Order of Physiotherapists took part in the discussion of the Strategic Plan of the Santa Maria School of Health\" role=\"img\" ><\/div>\n\t\t\t\t\t\t\t\t\t\t\t<div class=\"elementor-gallery-item__overlay\"><\/div>\n\t\t\t\t\t\t\t\t\t\t\t\t\t\t<\/a>\n\t\t\t\t\t\t\t<a class=\"e-gallery-item elementor-gallery-item elementor-animated-content\" href=\"https:\/\/staging.ordemdosfisioterapeutas.pt\/wp-content\/uploads\/2022\/06\/IMG_4031.jpg\" data-elementor-open-lightbox=\"yes\" data-elementor-lightbox-slideshow=\"095173d\" data-elementor-lightbox-title=\"Baston\u00e1rio da Ordem dos Fisioterapeutas participou na discuss\u00e3o do Plano Estrat\u00e9gico da Escola Superior de Sa\u00fade de Santa Maria\" data-elementor-lightbox-description=\"Baston\u00e1rio da Ordem dos Fisioterapeutas participou na discuss\u00e3o do Plano Estrat\u00e9gico da Escola Superior de Sa\u00fade de Santa Maria\" data-e-action-hash=\"#elementor-action%3Aaction%3Dlightbox%26settings%3DeyJpZCI6NDc0MiwidXJsIjoiaHR0cHM6XC9cL3N0YWdpbmcub3JkZW1kb3NmaXNpb3RlcmFwZXV0YXMucHRcL3dwLWNvbnRlbnRcL3VwbG9hZHNcLzIwMjJcLzA2XC9JTUdfNDAzMS5qcGciLCJzbGlkZXNob3ciOiIwOTUxNzNkIn0%3D\">\n\t\t\t\t\t<div class=\"e-gallery-image elementor-gallery-item__image\" data-thumbnail=\"https:\/\/staging.ordemdosfisioterapeutas.pt\/wp-content\/uploads\/2022\/06\/IMG_4031-300x200.jpg\" data-width=\"300\" data-height=\"200\" aria-label=\"President of the Order of Physiotherapists took part in the discussion of the Strategic Plan of the Santa Maria School of Health\" role=\"img\" ><\/div>\n\t\t\t\t\t\t\t\t\t\t\t<div class=\"elementor-gallery-item__overlay\"><\/div>\n\t\t\t\t\t\t\t\t\t\t\t\t\t\t<\/a>\n\t\t\t\t\t<\/div>\n\t\t\t\t\t<\/div>\n\t\t\t\t<\/div>\n\t\t\t\t\t<\/div>\n\t\t<\/div>\n\t\t\t\t\t<\/div>\n\t\t<\/section>\n\t\t\t\t<\/div>","protected":false},"excerpt":{"rendered":"<p>The President of the Order of Physiotherapists, Ant\u00f3nio Lopes, was invited to take part in the discussion of the Strategic Plan of the Escola Superior de Sa\u00fade de Santa Maria (ESSSM) for the years 2023-2027, which took place on 4 June at the Col\u00e9gio Luso-Franc\u00eas in Porto, with the presence of the Board of Directors, Teachers, Employees, Students and Partners of ESSSM.<\/p>","protected":false},"author":1,"featured_media":4741,"comment_status":"closed","ping_status":"open","sticky":false,"template":"","format":"standard","meta":{"footnotes":""},"categories":[13],"tags":[],"class_list":["post-4731","post","type-post","status-publish","format-standard","has-post-thumbnail","hentry","category-noticias"],"_links":{"self":[{"href":"https:\/\/staging.ordemdosfisioterapeutas.pt\/en\/wp-json\/wp\/v2\/posts\/4731","targetHints":{"allow":["GET"]}}],"collection":[{"href":"https:\/\/staging.ordemdosfisioterapeutas.pt\/en\/wp-json\/wp\/v2\/posts"}],"about":[{"href":"https:\/\/staging.ordemdosfisioterapeutas.pt\/en\/wp-json\/wp\/v2\/types\/post"}],"author":[{"embeddable":true,"href":"https:\/\/staging.ordemdosfisioterapeutas.pt\/en\/wp-json\/wp\/v2\/users\/1"}],"replies":[{"embeddable":true,"href":"https:\/\/staging.ordemdosfisioterapeutas.pt\/en\/wp-json\/wp\/v2\/comments?post=4731"}],"version-history":[{"count":0,"href":"https:\/\/staging.ordemdosfisioterapeutas.pt\/en\/wp-json\/wp\/v2\/posts\/4731\/revisions"}],"wp:featuredmedia":[{"embeddable":true,"href":"https:\/\/staging.ordemdosfisioterapeutas.pt\/en\/wp-json\/wp\/v2\/media\/4741"}],"wp:attachment":[{"href":"https:\/\/staging.ordemdosfisioterapeutas.pt\/en\/wp-json\/wp\/v2\/media?parent=4731"}],"wp:term":[{"taxonomy":"category","embeddable":true,"href":"https:\/\/staging.ordemdosfisioterapeutas.pt\/en\/wp-json\/wp\/v2\/categories?post=4731"},{"taxonomy":"post_tag","embeddable":true,"href":"https:\/\/staging.ordemdosfisioterapeutas.pt\/en\/wp-json\/wp\/v2\/tags?post=4731"}],"curies":[{"name":"wp","href":"https:\/\/api.w.org\/{rel}","templated":true}]}}