{"id":5209,"date":"2022-10-24T11:59:00","date_gmt":"2022-10-24T10:59:00","guid":{"rendered":"https:\/\/staging.ordemdosfisioterapeutas.pt\/?p=5209"},"modified":"2022-10-24T12:57:41","modified_gmt":"2022-10-24T11:57:41","slug":"intervencao-do-bastonario-sobre-a-fisioterapia-na-saude-mental","status":"publish","type":"post","link":"https:\/\/staging.ordemdosfisioterapeutas.pt\/en\/noticias\/intervencao-do-bastonario-sobre-a-fisioterapia-na-saude-mental\/","title":{"rendered":"Intervention of the President of the Portuguese Bar Association on Physiotherapy in Mental Health"},"content":{"rendered":"<div data-elementor-type=\"wp-post\" data-elementor-id=\"5209\" class=\"elementor elementor-5209\" data-elementor-post-type=\"post\">\n\t\t\t\t\t\t<section class=\"elementor-section elementor-top-section elementor-element elementor-element-5a567a6 elementor-section-boxed elementor-section-height-default elementor-section-height-default\" data-id=\"5a567a6\" data-element_type=\"section\" data-e-type=\"section\">\n\t\t\t\t\t\t<div class=\"elementor-container elementor-column-gap-default\">\n\t\t\t\t\t<div class=\"elementor-column elementor-col-100 elementor-top-column elementor-element elementor-element-4b021cc\" data-id=\"4b021cc\" data-element_type=\"column\" data-e-type=\"column\">\n\t\t\t<div class=\"elementor-widget-wrap elementor-element-populated\">\n\t\t\t\t\t\t<div class=\"elementor-element elementor-element-0da2849 elementor-widget elementor-widget-text-editor\" data-id=\"0da2849\" data-element_type=\"widget\" data-e-type=\"widget\" data-widget_type=\"text-editor.default\">\n\t\t\t\t<div class=\"elementor-widget-container\">\n\t\t\t\t\t\t\t\t\t<p>The President of the Order of Physiotherapists considers that \"(...) despite the legislative measures, the responses implemented are still insufficient, with notable geographical asymmetries and a clear lack of health professionals integrated into mental health teams, as well as an omission to include physiotherapists in these teams\".\u00a0<br class=\"\" \/>\u00a0<br class=\"\" \/>In a message <span style=\"text-decoration: underline;\"><a href=\"https:\/\/bit.ly\/Conferencia_APFISIO_SaudeMental\" target=\"_blank\" rel=\"noopener\">video<\/a><\/span> For the conference \"Current and Future Challenges for Physiotherapy in Mental Health\", organised by the Portuguese Association of Physiotherapists APFISIO, Ant\u00f3nio Lopes stressed that although physiotherapists and other health professionals may not be aware of the role and benefits of intervention, the scope of practice of Physiotherapy in Mental Health and Psychiatry \"is holistic, eclectic and dynamic - as it is constantly informed by evidence - and as such is able to respond to the health needs of people and society.\"<br class=\"\" \/>\u00a0<br class=\"\" \/>In his speech, broadcast on 22 October, which took place at the Escola Superior de Sa\u00fade - Instituto Polit\u00e9cnico de Leiria, Ant\u00f3nio Lopes gave an overview of the various dimensions of Physiotherapy in Mental Health and the specific theoretical, practical and interpersonal skills that Physiotherapists should have, pointing out that one of the reasons why the benefits of Physiotherapy interventions don't always reach users with mental health problems is the lack or inadequate training of Physiotherapists in this area.\u00a0<br class=\"\" \/>\u00a0<br class=\"\" \/>Despite this, according to the declarations submitted when registering with the Order, of the more than 9,000 already registered, \"around 700 physiotherapists report having obtained additional qualifications in the area of mental health, and around 600 physiotherapists report having, or having had, clinical activity in mental health\".<br class=\"\" \/><br class=\"\" \/>In order to improve this situation, he emphasised the commitment of the Order of Physiotherapists to promoting access to physiotherapy care in the area of mental health, to supporting and valuing those who already work in this field and to studying solutions together with higher education institutions. In this context, he also recalled the process of creating a framework of professional specialities in Physiotherapy in Portugal, which is currently underway, guaranteeing: \"We will work to promote Physiotherapy in Mental Health!\u00a0<\/p>\t\t\t\t\t\t\t\t<\/div>\n\t\t\t\t<\/div>\n\t\t\t\t<section class=\"elementor-section elementor-inner-section elementor-element elementor-element-c43e203 elementor-section-boxed elementor-section-height-default elementor-section-height-default\" data-id=\"c43e203\" data-element_type=\"section\" data-e-type=\"section\">\n\t\t\t\t\t\t<div class=\"elementor-container elementor-column-gap-default\">\n\t\t\t\t\t<div class=\"elementor-column elementor-col-33 elementor-inner-column elementor-element elementor-element-05105ab\" data-id=\"05105ab\" data-element_type=\"column\" data-e-type=\"column\">\n\t\t\t<div class=\"elementor-widget-wrap\">\n\t\t\t\t\t\t\t<\/div>\n\t\t<\/div>\n\t\t\t\t<div class=\"elementor-column elementor-col-33 elementor-inner-column elementor-element elementor-element-77fad76\" data-id=\"77fad76\" data-element_type=\"column\" data-e-type=\"column\">\n\t\t\t<div class=\"elementor-widget-wrap elementor-element-populated\">\n\t\t\t\t\t\t<div class=\"elementor-element elementor-element-91c5507 elementor-widget elementor-widget-video\" data-id=\"91c5507\" data-element_type=\"widget\" data-e-type=\"widget\" data-settings=\"{&quot;youtube_url&quot;:&quot;https:\\\/\\\/www.youtube.com\\\/watch?v=Ov7VtHr_NGg&quot;,&quot;show_image_overlay&quot;:&quot;yes&quot;,&quot;image_overlay&quot;:{&quot;url&quot;:&quot;https:\\\/\\\/staging.ordemdosfisioterapeutas.pt\\\/wp-content\\\/uploads\\\/2022\\\/10\\\/THUMB_conferencia_apfisio.jpg&quot;,&quot;id&quot;:5211,&quot;size&quot;:&quot;&quot;,&quot;alt&quot;:&quot;Confer\\u00eancia Apfisio&quot;,&quot;source&quot;:&quot;library&quot;},&quot;video_type&quot;:&quot;youtube&quot;,&quot;controls&quot;:&quot;yes&quot;}\" data-widget_type=\"video.default\">\n\t\t\t\t<div class=\"elementor-widget-container\">\n\t\t\t\t\t\t\t<div class=\"elementor-wrapper elementor-open-inline\">\n\t\t\t<div class=\"elementor-video\"><\/div>\t\t\t\t<div class=\"elementor-custom-embed-image-overlay\" style=\"background-image: url(https:\/\/staging.ordemdosfisioterapeutas.pt\/wp-content\/uploads\/2022\/10\/THUMB_conferencia_apfisio.jpg);\">\n\t\t\t\t\t\t\t\t\t\t\t\t\t\t<\/div>\n\t\t\t\t\t<\/div>\n\t\t\t\t\t\t<\/div>\n\t\t\t\t<\/div>\n\t\t\t\t\t<\/div>\n\t\t<\/div>\n\t\t\t\t<div class=\"elementor-column elementor-col-33 elementor-inner-column elementor-element elementor-element-6d1f56d\" data-id=\"6d1f56d\" data-element_type=\"column\" data-e-type=\"column\">\n\t\t\t<div class=\"elementor-widget-wrap\">\n\t\t\t\t\t\t\t<\/div>\n\t\t<\/div>\n\t\t\t\t\t<\/div>\n\t\t<\/section>\n\t\t\t\t\t<\/div>\n\t\t<\/div>\n\t\t\t\t\t<\/div>\n\t\t<\/section>\n\t\t\t\t<\/div>","protected":false},"excerpt":{"rendered":"<p>The President of the Portuguese Institute of Physiotherapists considers that \"(...) despite the legislative measures, the responses implemented are still insufficient, with remarkable geographical asymmetries and there is a clear lack of health professionals integrated in the mental health teams, as well as an omission of the inclusion of physiotherapists in these teams\". <\/p>","protected":false},"author":1,"featured_media":5227,"comment_status":"closed","ping_status":"open","sticky":false,"template":"","format":"standard","meta":{"footnotes":""},"categories":[13],"tags":[],"class_list":["post-5209","post","type-post","status-publish","format-standard","has-post-thumbnail","hentry","category-noticias"],"_links":{"self":[{"href":"https:\/\/staging.ordemdosfisioterapeutas.pt\/en\/wp-json\/wp\/v2\/posts\/5209","targetHints":{"allow":["GET"]}}],"collection":[{"href":"https:\/\/staging.ordemdosfisioterapeutas.pt\/en\/wp-json\/wp\/v2\/posts"}],"about":[{"href":"https:\/\/staging.ordemdosfisioterapeutas.pt\/en\/wp-json\/wp\/v2\/types\/post"}],"author":[{"embeddable":true,"href":"https:\/\/staging.ordemdosfisioterapeutas.pt\/en\/wp-json\/wp\/v2\/users\/1"}],"replies":[{"embeddable":true,"href":"https:\/\/staging.ordemdosfisioterapeutas.pt\/en\/wp-json\/wp\/v2\/comments?post=5209"}],"version-history":[{"count":0,"href":"https:\/\/staging.ordemdosfisioterapeutas.pt\/en\/wp-json\/wp\/v2\/posts\/5209\/revisions"}],"wp:featuredmedia":[{"embeddable":true,"href":"https:\/\/staging.ordemdosfisioterapeutas.pt\/en\/wp-json\/wp\/v2\/media\/5227"}],"wp:attachment":[{"href":"https:\/\/staging.ordemdosfisioterapeutas.pt\/en\/wp-json\/wp\/v2\/media?parent=5209"}],"wp:term":[{"taxonomy":"category","embeddable":true,"href":"https:\/\/staging.ordemdosfisioterapeutas.pt\/en\/wp-json\/wp\/v2\/categories?post=5209"},{"taxonomy":"post_tag","embeddable":true,"href":"https:\/\/staging.ordemdosfisioterapeutas.pt\/en\/wp-json\/wp\/v2\/tags?post=5209"}],"curies":[{"name":"wp","href":"https:\/\/api.w.org\/{rel}","templated":true}]}}