{"id":175,"date":"2020-09-21T19:25:14","date_gmt":"2020-09-21T19:25:14","guid":{"rendered":"https:\/\/staging.ordemdosfisioterapeutas.pt\/?p=175"},"modified":"2021-03-16T20:58:12","modified_gmt":"2021-03-16T20:58:12","slug":"memorando-de-entendimento-com-a-associacao-portuguesa-de-fisioterapeutas","status":"publish","type":"post","link":"https:\/\/staging.ordemdosfisioterapeutas.pt\/es\/noticias\/memorando-de-entendimento-com-a-associacao-portuguesa-de-fisioterapeutas\/","title":{"rendered":"Memorando de entendimiento con la Asociaci\u00f3n Portuguesa de Fisioterapeutas"},"content":{"rendered":"<div data-elementor-type=\"wp-post\" data-elementor-id=\"175\" class=\"elementor elementor-175\" data-elementor-post-type=\"post\">\n\t\t\t\t\t\t<section class=\"elementor-section elementor-top-section elementor-element elementor-element-4d12443a elementor-section-boxed elementor-section-height-default elementor-section-height-default\" data-id=\"4d12443a\" data-element_type=\"section\" data-e-type=\"section\">\n\t\t\t\t\t\t<div class=\"elementor-container elementor-column-gap-default\">\n\t\t\t\t\t<div class=\"elementor-column elementor-col-100 elementor-top-column elementor-element elementor-element-42d2c726\" data-id=\"42d2c726\" data-element_type=\"column\" data-e-type=\"column\">\n\t\t\t<div class=\"elementor-widget-wrap elementor-element-populated\">\n\t\t\t\t\t\t<div class=\"elementor-element elementor-element-7daa29b4 elementor-widget elementor-widget-text-editor\" data-id=\"7daa29b4\" data-element_type=\"widget\" data-e-type=\"widget\" data-widget_type=\"text-editor.default\">\n\t\t\t\t<div class=\"elementor-widget-container\">\n\t\t\t\t\t\t\t\t\t<p>El memorando de entendimiento entre la Asociaci\u00f3n Portuguesa de Fisioterapeutas (APFisio) y el comit\u00e9 de instalaci\u00f3n de la Orden de Fisioterapeutas (OF) representa la excelente relaci\u00f3n institucional entre las dos organizaciones, cuyo objetivo com\u00fan es el desarrollo de la fisioterapia y de los fisioterapeutas en Portugal.<\/p><p>Tras una reuni\u00f3n entre ambas organizaciones el pasado mes de marzo, se alcanzaron los siguientes puntos de acuerdo entre las dos instituciones:<\/p><p>1. Desarrollar esfuerzos de cooperaci\u00f3n institucional a nivel nacional e internacional con vistas a defender los intereses de los fisioterapeutas portugueses;<\/p><p>2. Establecer las condiciones progresivas y necesarias para que, a la mayor brevedad posible, la OF tenga asiento, por afiliaci\u00f3n, en la Fisioterapia Mundial, cesando as\u00ed la participaci\u00f3n de APFisio en ese organismo;<\/p><p>3. La APFisio autoriza a la OF a utilizar los documentos de la APFisio y de la Fisioterapia Mundial traducidos y adaptados por la OF, que \u00e9sta pueda publicar;<\/p><p>4. El comit\u00e9 de instalaci\u00f3n de la OF se compromete a definir el modelo de relaci\u00f3n con los grupos de inter\u00e9s de APFisio, hasta la creaci\u00f3n formal de los Colegios de Especialidad de la OF;<\/p><p>5. El consejo de administraci\u00f3n de APFisio reconoce a la OF como \"heredera\" natural de su papel hist\u00f3rico.<\/p>\t\t\t\t\t\t\t\t<\/div>\n\t\t\t\t<\/div>\n\t\t\t\t\t<\/div>\n\t\t<\/div>\n\t\t\t\t\t<\/div>\n\t\t<\/section>\n\t\t\t\t<\/div>","protected":false},"excerpt":{"rendered":"<p>El memorando de entendimiento entre la Asociaci\u00f3n Portuguesa de Fisioterapeutas (APFisio) y la Comisi\u00f3n de Instalaci\u00f3n de la Orden de Fisioterapeutas (OF) representa la excelente relaci\u00f3n institucional entre las dos estructuras...<\/p>","protected":false},"author":1,"featured_media":1469,"comment_status":"open","ping_status":"open","sticky":false,"template":"","format":"standard","meta":{"footnotes":""},"categories":[13],"tags":[],"class_list":["post-175","post","type-post","status-publish","format-standard","has-post-thumbnail","hentry","category-noticias"],"_links":{"self":[{"href":"https:\/\/staging.ordemdosfisioterapeutas.pt\/es\/wp-json\/wp\/v2\/posts\/175","targetHints":{"allow":["GET"]}}],"collection":[{"href":"https:\/\/staging.ordemdosfisioterapeutas.pt\/es\/wp-json\/wp\/v2\/posts"}],"about":[{"href":"https:\/\/staging.ordemdosfisioterapeutas.pt\/es\/wp-json\/wp\/v2\/types\/post"}],"author":[{"embeddable":true,"href":"https:\/\/staging.ordemdosfisioterapeutas.pt\/es\/wp-json\/wp\/v2\/users\/1"}],"replies":[{"embeddable":true,"href":"https:\/\/staging.ordemdosfisioterapeutas.pt\/es\/wp-json\/wp\/v2\/comments?post=175"}],"version-history":[{"count":0,"href":"https:\/\/staging.ordemdosfisioterapeutas.pt\/es\/wp-json\/wp\/v2\/posts\/175\/revisions"}],"wp:featuredmedia":[{"embeddable":true,"href":"https:\/\/staging.ordemdosfisioterapeutas.pt\/es\/wp-json\/wp\/v2\/media\/1469"}],"wp:attachment":[{"href":"https:\/\/staging.ordemdosfisioterapeutas.pt\/es\/wp-json\/wp\/v2\/media?parent=175"}],"wp:term":[{"taxonomy":"category","embeddable":true,"href":"https:\/\/staging.ordemdosfisioterapeutas.pt\/es\/wp-json\/wp\/v2\/categories?post=175"},{"taxonomy":"post_tag","embeddable":true,"href":"https:\/\/staging.ordemdosfisioterapeutas.pt\/es\/wp-json\/wp\/v2\/tags?post=175"}],"curies":[{"name":"wp","href":"https:\/\/api.w.org\/{rel}","templated":true}]}}