{"id":1819,"date":"2021-02-10T15:35:11","date_gmt":"2021-02-10T15:35:11","guid":{"rendered":"https:\/\/staging.ordemdosfisioterapeutas.pt\/?p=1819"},"modified":"2021-03-16T20:58:11","modified_gmt":"2021-03-16T20:58:11","slug":"dia-mundial-da-educacao","status":"publish","type":"post","link":"https:\/\/staging.ordemdosfisioterapeutas.pt\/es\/noticias\/dia-mundial-da-educacao\/","title":{"rendered":"D\u00eda Mundial de la Educaci\u00f3n"},"content":{"rendered":"<div data-elementor-type=\"wp-post\" data-elementor-id=\"1819\" class=\"elementor elementor-1819\" data-elementor-post-type=\"post\">\n\t\t\t\t\t\t<section class=\"elementor-section elementor-top-section elementor-element elementor-element-7981451c elementor-section-boxed elementor-section-height-default elementor-section-height-default\" data-id=\"7981451c\" data-element_type=\"section\" data-e-type=\"section\">\n\t\t\t\t\t\t<div class=\"elementor-container elementor-column-gap-default\">\n\t\t\t\t\t<div class=\"elementor-column elementor-col-100 elementor-top-column elementor-element elementor-element-130dba98\" data-id=\"130dba98\" data-element_type=\"column\" data-e-type=\"column\">\n\t\t\t<div class=\"elementor-widget-wrap elementor-element-populated\">\n\t\t\t\t\t\t<div class=\"elementor-element elementor-element-5a8189cf elementor-widget elementor-widget-text-editor\" data-id=\"5a8189cf\" data-element_type=\"widget\" data-e-type=\"widget\" data-widget_type=\"text-editor.default\">\n\t\t\t\t<div class=\"elementor-widget-container\">\n\t\t\t\t\t\t\t\t\t\n<p>Todos los seres humanos tienen derecho a la educaci\u00f3n. As\u00ed est\u00e1 escrito en el art\u00edculo 26 de la Declaraci\u00f3n Universal de los Derechos Humanos, que se\u00f1ala la educaci\u00f3n como parte integrante del \"pleno desarrollo de la personalidad humana y del fortalecimiento del respeto a los derechos humanos y a las libertades fundamentales\".&nbsp;<\/p>\n\n\n\n<p>Tenemos el privilegio de vivir en una sociedad moderna, en la que cabe preguntarse por la calidad de la educaci\u00f3n y su capacidad para preparar a las personas para el pleno ejercicio de sus profesiones. Si bien la educaci\u00f3n es una cuesti\u00f3n importante para la mayor\u00eda de las instituciones, la Orden de Fisioterapeutas tiene una de sus principales prioridades en este \u00e1mbito, especialmente en la ense\u00f1anza superior.&nbsp;<\/p>\n\n\n\n<p id=\"diaeducacao\">Estando m\u00e1s cerca de los profesionales y de los usuarios, salvaguardamos los intereses de unos y otros y de la fisioterapia en general. A todos nos interesa garantizar la mejor preparaci\u00f3n para el ejercicio de la profesi\u00f3n, por lo que puedes contar con la Orden de Fisioterapeutas para estar a la vanguardia de la defensa de una formaci\u00f3n de calidad.<\/p>\n\t\t\t\t\t\t\t\t<\/div>\n\t\t\t\t<\/div>\n\t\t\t\t\t<\/div>\n\t\t<\/div>\n\t\t\t\t\t<\/div>\n\t\t<\/section>\n\t\t\t\t<section class=\"elementor-section elementor-top-section elementor-element elementor-element-a066672 elementor-section-boxed elementor-section-height-default elementor-section-height-default\" data-id=\"a066672\" data-element_type=\"section\" data-e-type=\"section\">\n\t\t\t\t\t\t<div class=\"elementor-container elementor-column-gap-default\">\n\t\t\t\t\t<div class=\"elementor-column elementor-col-100 elementor-top-column elementor-element elementor-element-bb0dddb\" data-id=\"bb0dddb\" data-element_type=\"column\" data-e-type=\"column\">\n\t\t\t<div class=\"elementor-widget-wrap elementor-element-populated\">\n\t\t\t\t\t\t<div class=\"elementor-element elementor-element-ad82858 elementor-widget elementor-widget-image\" data-id=\"ad82858\" data-element_type=\"widget\" data-e-type=\"widget\" data-widget_type=\"image.default\">\n\t\t\t\t<div class=\"elementor-widget-container\">\n\t\t\t\t\t\t\t\t\t\t\t\t\t\t\t<img fetchpriority=\"high\" decoding=\"async\" width=\"855\" height=\"570\" src=\"https:\/\/staging.ordemdosfisioterapeutas.pt\/wp-content\/uploads\/2021\/02\/Contudo-1000px_DiaMundialEducacao.jpg\" class=\"attachment-large size-large wp-image-1820\" alt=\"DiaMundialdaEducacao\" srcset=\"https:\/\/staging.ordemdosfisioterapeutas.pt\/wp-content\/uploads\/2021\/02\/Contudo-1000px_DiaMundialEducacao.jpg 1000w, https:\/\/staging.ordemdosfisioterapeutas.pt\/wp-content\/uploads\/2021\/02\/Contudo-1000px_DiaMundialEducacao-300x200.jpg 300w, https:\/\/staging.ordemdosfisioterapeutas.pt\/wp-content\/uploads\/2021\/02\/Contudo-1000px_DiaMundialEducacao-768x512.jpg 768w, https:\/\/staging.ordemdosfisioterapeutas.pt\/wp-content\/uploads\/2021\/02\/Contudo-1000px_DiaMundialEducacao-16x12.jpg 16w\" sizes=\"(max-width: 855px) 100vw, 855px\" \/>\t\t\t\t\t\t\t\t\t\t\t\t\t\t\t<\/div>\n\t\t\t\t<\/div>\n\t\t\t\t\t<\/div>\n\t\t<\/div>\n\t\t\t\t\t<\/div>\n\t\t<\/section>\n\t\t\t\t<\/div>","protected":false},"excerpt":{"rendered":"<p>Todos los seres humanos tienen derecho a la educaci\u00f3n. As\u00ed est\u00e1 escrito en el art\u00edculo 26 de la Declaraci\u00f3n Universal de los Derechos Humanos, que se\u00f1ala la educaci\u00f3n como parte integrante del \"pleno desarrollo de la personalidad humana y del fortalecimiento del respeto a los derechos humanos y a las libertades fundamentales\".<\/p>","protected":false},"author":1,"featured_media":1820,"comment_status":"closed","ping_status":"open","sticky":false,"template":"","format":"standard","meta":{"footnotes":""},"categories":[13],"tags":[],"class_list":["post-1819","post","type-post","status-publish","format-standard","has-post-thumbnail","hentry","category-noticias"],"_links":{"self":[{"href":"https:\/\/staging.ordemdosfisioterapeutas.pt\/es\/wp-json\/wp\/v2\/posts\/1819","targetHints":{"allow":["GET"]}}],"collection":[{"href":"https:\/\/staging.ordemdosfisioterapeutas.pt\/es\/wp-json\/wp\/v2\/posts"}],"about":[{"href":"https:\/\/staging.ordemdosfisioterapeutas.pt\/es\/wp-json\/wp\/v2\/types\/post"}],"author":[{"embeddable":true,"href":"https:\/\/staging.ordemdosfisioterapeutas.pt\/es\/wp-json\/wp\/v2\/users\/1"}],"replies":[{"embeddable":true,"href":"https:\/\/staging.ordemdosfisioterapeutas.pt\/es\/wp-json\/wp\/v2\/comments?post=1819"}],"version-history":[{"count":0,"href":"https:\/\/staging.ordemdosfisioterapeutas.pt\/es\/wp-json\/wp\/v2\/posts\/1819\/revisions"}],"wp:featuredmedia":[{"embeddable":true,"href":"https:\/\/staging.ordemdosfisioterapeutas.pt\/es\/wp-json\/wp\/v2\/media\/1820"}],"wp:attachment":[{"href":"https:\/\/staging.ordemdosfisioterapeutas.pt\/es\/wp-json\/wp\/v2\/media?parent=1819"}],"wp:term":[{"taxonomy":"category","embeddable":true,"href":"https:\/\/staging.ordemdosfisioterapeutas.pt\/es\/wp-json\/wp\/v2\/categories?post=1819"},{"taxonomy":"post_tag","embeddable":true,"href":"https:\/\/staging.ordemdosfisioterapeutas.pt\/es\/wp-json\/wp\/v2\/tags?post=1819"}],"curies":[{"name":"wp","href":"https:\/\/api.w.org\/{rel}","templated":true}]}}