{"id":1910,"date":"2021-04-15T18:38:51","date_gmt":"2021-04-15T18:38:51","guid":{"rendered":"https:\/\/staging.ordemdosfisioterapeutas.pt\/?p=1910"},"modified":"2021-04-15T18:39:35","modified_gmt":"2021-04-15T18:39:35","slug":"presenca-comissao-instaladora-no-encontro-nacional-de-estudantes-de-fisioterapia-eneft","status":"publish","type":"post","link":"https:\/\/staging.ordemdosfisioterapeutas.pt\/es\/noticias\/presenca-comissao-instaladora-no-encontro-nacional-de-estudantes-de-fisioterapia-eneft\/","title":{"rendered":"Presencia de la Comisi\u00f3n de Instalaci\u00f3n en el Encuentro Nacional de Estudiantes de Fisioterapia (ENEFt)"},"content":{"rendered":"<div data-elementor-type=\"wp-post\" data-elementor-id=\"1910\" class=\"elementor elementor-1910\" data-elementor-post-type=\"post\">\n\t\t\t\t\t\t<section class=\"elementor-section elementor-top-section elementor-element elementor-element-064dbfa elementor-section-boxed elementor-section-height-default elementor-section-height-default\" data-id=\"064dbfa\" data-element_type=\"section\" data-e-type=\"section\">\n\t\t\t\t\t\t<div class=\"elementor-container elementor-column-gap-default\">\n\t\t\t\t\t<div class=\"elementor-column elementor-col-100 elementor-top-column elementor-element elementor-element-f36da15\" data-id=\"f36da15\" data-element_type=\"column\" data-e-type=\"column\">\n\t\t\t<div class=\"elementor-widget-wrap elementor-element-populated\">\n\t\t\t\t\t\t<div class=\"elementor-element elementor-element-014fb5e elementor-widget elementor-widget-text-editor\" data-id=\"014fb5e\" data-element_type=\"widget\" data-e-type=\"widget\" data-widget_type=\"text-editor.default\">\n\t\t\t\t<div class=\"elementor-widget-container\">\n\t\t\t\t\t\t\t\t\t<p>La Presidenta de la Comisi\u00f3n de Instalaci\u00f3n de la Orden Portuguesa de Fisioterapeutas, Isabel de Souza Guerra, estuvo presente el pasado fin de semana en el Encuentro Nacional de Estudiantes de Fisioterapia (ENEFt).<\/p><p>Isabel de Souza Guerra estuvo en la mesa inaugural de este acto y tambi\u00e9n particip\u00f3 como ponente en el Fisiomeeting, con el tema \"Ponte al d\u00eda con la Orden\", al que asistieron unas 300 personas.\u00a0<\/p><p>El Comit\u00e9 de Instalaci\u00f3n felicita al Comit\u00e9 Organizador de la ENEFt y a toda la estructura del Grupo de Inter\u00e9s - Movimiento de J\u00f3venes en Fisioterapia (GIMJF) por la organizaci\u00f3n del evento en plena pandemia, alabando la dedicaci\u00f3n y el dinamismo de la junta del GIMJF para mejorar la representatividad de los estudiantes de fisioterapia.<\/p><p>\u00a0Fisioterapia y j\u00f3venes fisioterapeutas en Portugal.<\/p>\t\t\t\t\t\t\t\t<\/div>\n\t\t\t\t<\/div>\n\t\t\t\t\t<\/div>\n\t\t<\/div>\n\t\t\t\t\t<\/div>\n\t\t<\/section>\n\t\t\t\t<\/div>","protected":false},"excerpt":{"rendered":"<p>La Presidenta de la Comisi\u00f3n de Instalaci\u00f3n de la Orden Portuguesa de Fisioterapeutas, Isabel de Souza Guerra, estuvo presente el pasado fin de semana en el Encuentro Nacional de Estudiantes de Fisioterapia (ENEFt).<\/p>","protected":false},"author":1,"featured_media":1911,"comment_status":"closed","ping_status":"open","sticky":false,"template":"","format":"standard","meta":{"footnotes":""},"categories":[13],"tags":[],"class_list":["post-1910","post","type-post","status-publish","format-standard","has-post-thumbnail","hentry","category-noticias"],"_links":{"self":[{"href":"https:\/\/staging.ordemdosfisioterapeutas.pt\/es\/wp-json\/wp\/v2\/posts\/1910","targetHints":{"allow":["GET"]}}],"collection":[{"href":"https:\/\/staging.ordemdosfisioterapeutas.pt\/es\/wp-json\/wp\/v2\/posts"}],"about":[{"href":"https:\/\/staging.ordemdosfisioterapeutas.pt\/es\/wp-json\/wp\/v2\/types\/post"}],"author":[{"embeddable":true,"href":"https:\/\/staging.ordemdosfisioterapeutas.pt\/es\/wp-json\/wp\/v2\/users\/1"}],"replies":[{"embeddable":true,"href":"https:\/\/staging.ordemdosfisioterapeutas.pt\/es\/wp-json\/wp\/v2\/comments?post=1910"}],"version-history":[{"count":0,"href":"https:\/\/staging.ordemdosfisioterapeutas.pt\/es\/wp-json\/wp\/v2\/posts\/1910\/revisions"}],"wp:featuredmedia":[{"embeddable":true,"href":"https:\/\/staging.ordemdosfisioterapeutas.pt\/es\/wp-json\/wp\/v2\/media\/1911"}],"wp:attachment":[{"href":"https:\/\/staging.ordemdosfisioterapeutas.pt\/es\/wp-json\/wp\/v2\/media?parent=1910"}],"wp:term":[{"taxonomy":"category","embeddable":true,"href":"https:\/\/staging.ordemdosfisioterapeutas.pt\/es\/wp-json\/wp\/v2\/categories?post=1910"},{"taxonomy":"post_tag","embeddable":true,"href":"https:\/\/staging.ordemdosfisioterapeutas.pt\/es\/wp-json\/wp\/v2\/tags?post=1910"}],"curies":[{"name":"wp","href":"https:\/\/api.w.org\/{rel}","templated":true}]}}