{"id":1944,"date":"2021-04-16T21:11:57","date_gmt":"2021-04-16T21:11:57","guid":{"rendered":"https:\/\/staging.ordemdosfisioterapeutas.pt\/?p=1944"},"modified":"2021-04-16T21:30:47","modified_gmt":"2021-04-16T21:30:47","slug":"a-comissao-instaladora-foi-recebida-em-belem","status":"publish","type":"post","link":"https:\/\/staging.ordemdosfisioterapeutas.pt\/es\/noticias\/a-comissao-instaladora-foi-recebida-em-belem\/","title":{"rendered":"La Comisi\u00f3n Instaladora fue recibida en Bel\u00e9m"},"content":{"rendered":"<div data-elementor-type=\"wp-post\" data-elementor-id=\"1944\" class=\"elementor elementor-1944\" data-elementor-post-type=\"post\">\n\t\t\t\t\t\t<section class=\"elementor-section elementor-top-section elementor-element elementor-element-c206fa4 elementor-section-boxed elementor-section-height-default elementor-section-height-default\" data-id=\"c206fa4\" data-element_type=\"section\" data-e-type=\"section\">\n\t\t\t\t\t\t<div class=\"elementor-container elementor-column-gap-default\">\n\t\t\t\t\t<div class=\"elementor-column elementor-col-100 elementor-top-column elementor-element elementor-element-61bf5d3\" data-id=\"61bf5d3\" data-element_type=\"column\" data-e-type=\"column\">\n\t\t\t<div class=\"elementor-widget-wrap elementor-element-populated\">\n\t\t\t\t\t\t<div class=\"elementor-element elementor-element-1e6b0d7 elementor-widget elementor-widget-text-editor\" data-id=\"1e6b0d7\" data-element_type=\"widget\" data-e-type=\"widget\" data-widget_type=\"text-editor.default\">\n\t\t\t\t<div class=\"elementor-widget-container\">\n\t\t\t\t\t\t\t\t\t<p>La Comisi\u00f3n de Instalaci\u00f3n de la Orden de Fisioterapeutas, en la persona de la fisioterapeuta Isabel Souza Guerra y del fisioterapeuta Ant\u00f3nio Lopes, fue recibida por Su Excelencia, el Presidente de la Rep\u00fablica, Profesor Marcelo Rebelo de Sousa. Durante la audiencia, se habl\u00f3 del desarrollo del proceso de instalaci\u00f3n de la organizaci\u00f3n, en particular de las diversas iniciativas llevadas a cabo por la Comisi\u00f3n de Instalaci\u00f3n. El Presidente de la Rep\u00fablica destac\u00f3 la importancia de la existencia de un colegio profesional de fisioterapeutas, como garant\u00eda de calidad de la pr\u00e1ctica para los profesionales y usuarios de la fisioterapia.<\/p><p><span style=\"text-decoration: underline;\"><strong><a href=\"https:\/\/www.presidencia.pt\/atualidade\/toda-a-atualidade\/2021\/03\/ordem-dos-fisioterapeutas-recebida-no-palacio-de-belem\/?fbclid=IwAR1CWiiZ3VgpoxtqRZcnJ1pLDf0G_qKv1w-kjVqNtyDpzOGf8c7YKH2D6UU\">https:\/\/www.presidencia.pt\/atualidade\/toda-a-atualidade\/2021\/03\/ordem-dos-fisioterapeutas-recebida-no-palacio-de-belem\/?fbclid=IwAR1CWiiZ3VgpoxtqRZcnJ1pLDf0G_qKv1w-kjVqNtyDpzOGf8c7YKH2D6UU<\/a><\/strong><\/span><\/p>\t\t\t\t\t\t\t\t<\/div>\n\t\t\t\t<\/div>\n\t\t\t\t\t<\/div>\n\t\t<\/div>\n\t\t\t\t\t<\/div>\n\t\t<\/section>\n\t\t\t\t<\/div>","protected":false},"excerpt":{"rendered":"<p>La Comisi\u00f3n de Instalaci\u00f3n de la Orden de Fisioterapeutas, en la persona de la fisioterapeuta Isabel Souza Guerra y del fisioterapeuta Ant\u00f3nio Lopes, fue recibida por su Excelencia, el Presidente de la Rep\u00fablica, Profesor Marcelo Rebelo de Sousa. <\/p>","protected":false},"author":1,"featured_media":1945,"comment_status":"closed","ping_status":"open","sticky":false,"template":"","format":"standard","meta":{"footnotes":""},"categories":[13],"tags":[],"class_list":["post-1944","post","type-post","status-publish","format-standard","has-post-thumbnail","hentry","category-noticias"],"_links":{"self":[{"href":"https:\/\/staging.ordemdosfisioterapeutas.pt\/es\/wp-json\/wp\/v2\/posts\/1944","targetHints":{"allow":["GET"]}}],"collection":[{"href":"https:\/\/staging.ordemdosfisioterapeutas.pt\/es\/wp-json\/wp\/v2\/posts"}],"about":[{"href":"https:\/\/staging.ordemdosfisioterapeutas.pt\/es\/wp-json\/wp\/v2\/types\/post"}],"author":[{"embeddable":true,"href":"https:\/\/staging.ordemdosfisioterapeutas.pt\/es\/wp-json\/wp\/v2\/users\/1"}],"replies":[{"embeddable":true,"href":"https:\/\/staging.ordemdosfisioterapeutas.pt\/es\/wp-json\/wp\/v2\/comments?post=1944"}],"version-history":[{"count":0,"href":"https:\/\/staging.ordemdosfisioterapeutas.pt\/es\/wp-json\/wp\/v2\/posts\/1944\/revisions"}],"wp:featuredmedia":[{"embeddable":true,"href":"https:\/\/staging.ordemdosfisioterapeutas.pt\/es\/wp-json\/wp\/v2\/media\/1945"}],"wp:attachment":[{"href":"https:\/\/staging.ordemdosfisioterapeutas.pt\/es\/wp-json\/wp\/v2\/media?parent=1944"}],"wp:term":[{"taxonomy":"category","embeddable":true,"href":"https:\/\/staging.ordemdosfisioterapeutas.pt\/es\/wp-json\/wp\/v2\/categories?post=1944"},{"taxonomy":"post_tag","embeddable":true,"href":"https:\/\/staging.ordemdosfisioterapeutas.pt\/es\/wp-json\/wp\/v2\/tags?post=1944"}],"curies":[{"name":"wp","href":"https:\/\/api.w.org\/{rel}","templated":true}]}}