{"id":2378,"date":"2021-05-19T10:17:04","date_gmt":"2021-05-19T09:17:04","guid":{"rendered":"https:\/\/staging.ordemdosfisioterapeutas.pt\/?p=2378"},"modified":"2021-05-19T11:29:16","modified_gmt":"2021-05-19T10:29:16","slug":"memorando-de-entendimento-com-a-acss","status":"publish","type":"post","link":"https:\/\/staging.ordemdosfisioterapeutas.pt\/es\/noticias\/memorando-de-entendimento-com-a-acss\/","title":{"rendered":"Memor\u00e1ndum de entendimiento con el ACSS"},"content":{"rendered":"<div data-elementor-type=\"wp-post\" data-elementor-id=\"2378\" class=\"elementor elementor-2378\" data-elementor-post-type=\"post\">\n\t\t\t\t\t\t<section class=\"elementor-section elementor-top-section elementor-element elementor-element-2b7a210 elementor-section-boxed elementor-section-height-default elementor-section-height-default\" data-id=\"2b7a210\" data-element_type=\"section\" data-e-type=\"section\">\n\t\t\t\t\t\t<div class=\"elementor-container elementor-column-gap-default\">\n\t\t\t\t\t<div class=\"elementor-column elementor-col-100 elementor-top-column elementor-element elementor-element-e16363b\" data-id=\"e16363b\" data-element_type=\"column\" data-e-type=\"column\">\n\t\t\t<div class=\"elementor-widget-wrap elementor-element-populated\">\n\t\t\t\t\t\t<div class=\"elementor-element elementor-element-a9253ac elementor-widget elementor-widget-text-editor\" data-id=\"a9253ac\" data-element_type=\"widget\" data-e-type=\"widget\" data-widget_type=\"text-editor.default\">\n\t\t\t\t<div class=\"elementor-widget-container\">\n\t\t\t\t\t\t\t\t\t<p>Considerando que la inscripci\u00f3n en el Colegio de Fisioterapeutas es una condici\u00f3n legal necesaria para el ejercicio de la profesi\u00f3n en Portugal, el Colegio de Fisioterapeutas y la Administraci\u00f3n Central del Sistema de Salud, IP firmaron un memorando de entendimiento, en el \u00e1mbito del acceso y regulaci\u00f3n del ejercicio de la profesi\u00f3n de fisioterapeuta en Portugal.<\/p><p>En este sentido, la Orden aceptar\u00e1 a partir de ahora las solicitudes de inscripci\u00f3n de los titulares de t\u00edtulos acad\u00e9micos de Fisioterapia obtenidos en Portugal, as\u00ed como de los titulares de una tarjeta profesional de Fisioterapeuta ya expedida por la ACSS, IP.<\/p><p>Los ciudadanos con titulaci\u00f3n obtenida en el extranjero y que a\u00fan no dispongan de tarjeta profesional deben dirigirse a la ACSS para inscribirse antes de registrarse en la Orden.<\/p><p>Como resultado de este entendimiento, el acceso al proceso de registro estar\u00e1 disponible en la p\u00e1gina web de la Orden esta semana.<\/p>\t\t\t\t\t\t\t\t<\/div>\n\t\t\t\t<\/div>\n\t\t\t\t\t<\/div>\n\t\t<\/div>\n\t\t\t\t\t<\/div>\n\t\t<\/section>\n\t\t\t\t<\/div>","protected":false},"excerpt":{"rendered":"<p>Considerando que la inscripci\u00f3n en el Colegio de Fisioterapeutas es una condici\u00f3n legal necesaria para el ejercicio de la profesi\u00f3n en Portugal, el Colegio de Fisioterapeutas y la Administraci\u00f3n Central del Sistema de Salud, IP firmaron un memorando de entendimiento, en el \u00e1mbito del acceso y regulaci\u00f3n del ejercicio de la profesi\u00f3n de fisioterapeuta en Portugal. <\/p>","protected":false},"author":1,"featured_media":2379,"comment_status":"closed","ping_status":"open","sticky":false,"template":"","format":"standard","meta":{"footnotes":""},"categories":[13],"tags":[],"class_list":["post-2378","post","type-post","status-publish","format-standard","has-post-thumbnail","hentry","category-noticias"],"_links":{"self":[{"href":"https:\/\/staging.ordemdosfisioterapeutas.pt\/es\/wp-json\/wp\/v2\/posts\/2378","targetHints":{"allow":["GET"]}}],"collection":[{"href":"https:\/\/staging.ordemdosfisioterapeutas.pt\/es\/wp-json\/wp\/v2\/posts"}],"about":[{"href":"https:\/\/staging.ordemdosfisioterapeutas.pt\/es\/wp-json\/wp\/v2\/types\/post"}],"author":[{"embeddable":true,"href":"https:\/\/staging.ordemdosfisioterapeutas.pt\/es\/wp-json\/wp\/v2\/users\/1"}],"replies":[{"embeddable":true,"href":"https:\/\/staging.ordemdosfisioterapeutas.pt\/es\/wp-json\/wp\/v2\/comments?post=2378"}],"version-history":[{"count":0,"href":"https:\/\/staging.ordemdosfisioterapeutas.pt\/es\/wp-json\/wp\/v2\/posts\/2378\/revisions"}],"wp:featuredmedia":[{"embeddable":true,"href":"https:\/\/staging.ordemdosfisioterapeutas.pt\/es\/wp-json\/wp\/v2\/media\/2379"}],"wp:attachment":[{"href":"https:\/\/staging.ordemdosfisioterapeutas.pt\/es\/wp-json\/wp\/v2\/media?parent=2378"}],"wp:term":[{"taxonomy":"category","embeddable":true,"href":"https:\/\/staging.ordemdosfisioterapeutas.pt\/es\/wp-json\/wp\/v2\/categories?post=2378"},{"taxonomy":"post_tag","embeddable":true,"href":"https:\/\/staging.ordemdosfisioterapeutas.pt\/es\/wp-json\/wp\/v2\/tags?post=2378"}],"curies":[{"name":"wp","href":"https:\/\/api.w.org\/{rel}","templated":true}]}}