{"id":2406,"date":"2021-05-19T12:15:51","date_gmt":"2021-05-19T11:15:51","guid":{"rendered":"https:\/\/staging.ordemdosfisioterapeutas.pt\/?p=2406"},"modified":"2021-05-19T12:15:54","modified_gmt":"2021-05-19T11:15:54","slug":"estao-abertas-as-inscricoes-para-a-ordem-dos-fisioterapeutas","status":"publish","type":"post","link":"https:\/\/staging.ordemdosfisioterapeutas.pt\/es\/noticias\/estao-abertas-as-inscricoes-para-a-ordem-dos-fisioterapeutas\/","title":{"rendered":"Las inscripciones est\u00e1n abiertas para la Orden de Fisioterapeutas"},"content":{"rendered":"<div data-elementor-type=\"wp-post\" data-elementor-id=\"2406\" class=\"elementor elementor-2406\" data-elementor-post-type=\"post\">\n\t\t\t\t\t\t<section class=\"elementor-section elementor-top-section elementor-element elementor-element-dec2483 elementor-section-boxed elementor-section-height-default elementor-section-height-default\" data-id=\"dec2483\" data-element_type=\"section\" data-e-type=\"section\">\n\t\t\t\t\t\t<div class=\"elementor-container elementor-column-gap-default\">\n\t\t\t\t\t<div class=\"elementor-column elementor-col-100 elementor-top-column elementor-element elementor-element-cb0d05c\" data-id=\"cb0d05c\" data-element_type=\"column\" data-e-type=\"column\">\n\t\t\t<div class=\"elementor-widget-wrap elementor-element-populated\">\n\t\t\t\t\t\t<div class=\"elementor-element elementor-element-509fd88 elementor-widget elementor-widget-text-editor\" data-id=\"509fd88\" data-element_type=\"widget\" data-e-type=\"widget\" data-widget_type=\"text-editor.default\">\n\t\t\t\t<div class=\"elementor-widget-container\">\n\t\t\t\t\t\t\t\t\t<p>Queda abierta la inscripci\u00f3n en el Colegio de Fisioterapeutas, condici\u00f3n legal para el ejercicio de la actividad de fisioterapia en Portugal, de acuerdo con la Ley 122\/2019, de 30 de septiembre, el Estatuto anexo y el Reglamento 359\/2021, de 15 de febrero, del Colegio, publicado en el RD, 2\u00ba, E, de 23 de abril.<\/p><p>En estos t\u00e9rminos, el Colegio de Fisioterapeutas inscribir\u00e1 a partir de ahora a los fisioterapeutas, incluidas las solicitudes que le dirijan los titulares de una tarjeta profesional de fisioterapeuta ya expedida por la ACSS,<\/p><p>ACSS, IP seguir\u00e1 siendo la Autoridad Competente para la aplicaci\u00f3n de la Directiva 2005\/36\/CE del Parlamento Europeo y del Consejo, de 7 de septiembre, en su redacci\u00f3n actual, para todas las solicitudes de reconocimiento de cualificaciones profesionales por parte de los titulares de cualificaciones profesionales obtenidas en la Uni\u00f3n Europea o en el resto del mundo, en el \u00e1mbito de la Fisioterapia, hasta la toma de posesi\u00f3n del primer presidente, que tendr\u00e1 lugar despu\u00e9s del 15 de noviembre de 2021, fecha fijada por el Ministerio de Sanidad para las elecciones, seg\u00fan la Orden n.\u00ba 3657\/2021, del Subsecretario de Estado de Sanidad.N\u00fam. 3657\/2021, del Subsecretario de Estado de Sanidad, de 31 de marzo, publicada en el B.O.E. de 2 de abril, 9.\u00aa.<\/p><p>As\u00ed, durante este periodo transitorio, los titulares de cualificaciones profesionales obtenidas en la Uni\u00f3n Europea o en el resto del mundo, en el \u00e1mbito de la Fisioterapia, que a\u00fan no dispongan del t\u00edtulo de Fisioterapeuta, deber\u00e1n inscribirse en la ACSS, IP, de acuerdo con el procedimiento all\u00ed vigente y de conformidad con la normativa de la UE, (insertar enlace), y s\u00f3lo entonces inscribirse en el Colegio de Fisioterapeutas, en los t\u00e9rminos previstos en la Ley n\u00ba 122\/2019, de 30 de septiembre y en el Reglamento de la Orden n\u00ba 3521\/2021, de 15 de febrero.\u00ba 122\/2019, de 30 de septiembre y Reglamento de la Orden n\u00ba 359\/2021, de 15 de febrero, publicado en el RD, 2\u00ba, E, de 23 de abril.<\/p>\t\t\t\t\t\t\t\t<\/div>\n\t\t\t\t<\/div>\n\t\t\t\t\t<\/div>\n\t\t<\/div>\n\t\t\t\t\t<\/div>\n\t\t<\/section>\n\t\t\t\t<\/div>","protected":false},"excerpt":{"rendered":"<p>Queda abierta la inscripci\u00f3n en el Colegio de Fisioterapeutas, condici\u00f3n legal para el ejercicio de la actividad de fisioterapia en Portugal, de acuerdo con la Ley 122\/2019, de 30 de septiembre, el Estatuto anexo y el Reglamento 359\/2021, de 15 de febrero, del Colegio, publicado en el RD, 2\u00ba, E, de 23 de abril.<\/p>","protected":false},"author":1,"featured_media":2407,"comment_status":"closed","ping_status":"open","sticky":false,"template":"","format":"standard","meta":{"footnotes":""},"categories":[13],"tags":[],"class_list":["post-2406","post","type-post","status-publish","format-standard","has-post-thumbnail","hentry","category-noticias"],"_links":{"self":[{"href":"https:\/\/staging.ordemdosfisioterapeutas.pt\/es\/wp-json\/wp\/v2\/posts\/2406","targetHints":{"allow":["GET"]}}],"collection":[{"href":"https:\/\/staging.ordemdosfisioterapeutas.pt\/es\/wp-json\/wp\/v2\/posts"}],"about":[{"href":"https:\/\/staging.ordemdosfisioterapeutas.pt\/es\/wp-json\/wp\/v2\/types\/post"}],"author":[{"embeddable":true,"href":"https:\/\/staging.ordemdosfisioterapeutas.pt\/es\/wp-json\/wp\/v2\/users\/1"}],"replies":[{"embeddable":true,"href":"https:\/\/staging.ordemdosfisioterapeutas.pt\/es\/wp-json\/wp\/v2\/comments?post=2406"}],"version-history":[{"count":0,"href":"https:\/\/staging.ordemdosfisioterapeutas.pt\/es\/wp-json\/wp\/v2\/posts\/2406\/revisions"}],"wp:featuredmedia":[{"embeddable":true,"href":"https:\/\/staging.ordemdosfisioterapeutas.pt\/es\/wp-json\/wp\/v2\/media\/2407"}],"wp:attachment":[{"href":"https:\/\/staging.ordemdosfisioterapeutas.pt\/es\/wp-json\/wp\/v2\/media?parent=2406"}],"wp:term":[{"taxonomy":"category","embeddable":true,"href":"https:\/\/staging.ordemdosfisioterapeutas.pt\/es\/wp-json\/wp\/v2\/categories?post=2406"},{"taxonomy":"post_tag","embeddable":true,"href":"https:\/\/staging.ordemdosfisioterapeutas.pt\/es\/wp-json\/wp\/v2\/tags?post=2406"}],"curies":[{"name":"wp","href":"https:\/\/api.w.org\/{rel}","templated":true}]}}