{"id":2456,"date":"2021-06-07T20:28:31","date_gmt":"2021-06-07T19:28:31","guid":{"rendered":"https:\/\/staging.ordemdosfisioterapeutas.pt\/?p=2456"},"modified":"2021-06-07T20:33:04","modified_gmt":"2021-06-07T19:33:04","slug":"a-ordem-informou-as-entidades-empregadoras-que-todos-os-fisioterapeutas-devem-estar-inscritos-na-ordem","status":"publish","type":"post","link":"https:\/\/staging.ordemdosfisioterapeutas.pt\/es\/noticias\/a-ordem-informou-as-entidades-empregadoras-que-todos-os-fisioterapeutas-devem-estar-inscritos-na-ordem\/","title":{"rendered":"La Orden ha informado a los empresarios de que todos los fisioterapeutas deben estar registrados en la Orden"},"content":{"rendered":"<div data-elementor-type=\"wp-post\" data-elementor-id=\"2456\" class=\"elementor elementor-2456\" data-elementor-post-type=\"post\">\n\t\t\t\t\t\t<section class=\"elementor-section elementor-top-section elementor-element elementor-element-5475e49 elementor-section-boxed elementor-section-height-default elementor-section-height-default\" data-id=\"5475e49\" data-element_type=\"section\" data-e-type=\"section\">\n\t\t\t\t\t\t<div class=\"elementor-container elementor-column-gap-default\">\n\t\t\t\t\t<div class=\"elementor-column elementor-col-100 elementor-top-column elementor-element elementor-element-72f43b1\" data-id=\"72f43b1\" data-element_type=\"column\" data-e-type=\"column\">\n\t\t\t<div class=\"elementor-widget-wrap elementor-element-populated\">\n\t\t\t\t\t\t<div class=\"elementor-element elementor-element-8d58b35 elementor-widget elementor-widget-text-editor\" data-id=\"8d58b35\" data-element_type=\"widget\" data-e-type=\"widget\" data-widget_type=\"text-editor.default\">\n\t\t\t\t<div class=\"elementor-widget-container\">\n\t\t\t\t\t\t\t\t\t<p>La Orden de los Fisioterapeutas inici\u00f3, el 13 de mayo de 2021, el proceso de registro de los fisioterapeutas que ejercen su profesi\u00f3n en Portugal, en base a la normativa contenida en el DRE, 2\u00aa, E, de 23 de abril.<\/p><p>Para iniciar esta actividad, trat\u00f3 de firmar un acuerdo de transferencia de competencias legalmente reconocido con la Administraci\u00f3n Central del Sistema Sanitario, IP (ACSS, IP).<\/p><p>Este acuerdo procur\u00f3 cumplir con las respectivas pol\u00edticas de privacidad, enmarcadas en el Reglamento General de Protecci\u00f3n de Datos (RGPD), tanto en lo que respecta al Reglamento europeo como al ordenamiento jur\u00eddico nacional.<\/p><p>En estos t\u00e9rminos, todos los datos que obren en poder de la ACSS,IP en relaci\u00f3n con el \u00e1mbito de la cesi\u00f3n pasar\u00e1n a ser conservados y utilizados por la Orden, en estricto cumplimiento de lo establecido y con vistas al objetivo inmediato del procedimiento de registro y la lucha contra la fisioterapia ilegal.<\/p><p>En este sentido, le recordamos que la concesi\u00f3n del t\u00edtulo profesional, su uso y el ejercicio de la profesi\u00f3n de fisioterapeuta, en cualquier sector de actividad, individualmente o en sociedad profesional, dependen de la inscripci\u00f3n en la Orden como miembro de pleno derecho.<\/p><p>En otras palabras, el uso ilegal de un t\u00edtulo profesional o el ejercicio de la profesi\u00f3n sin \u00e9l est\u00e1n castigados por el Derecho penal.<\/p><p>Esta responsabilidad, en t\u00e9rminos estatutarios, es solidaria, en su caso, ya que nadie puede contratar o utilizar los servicios de profesionales de la fisioterapia que no est\u00e9n inscritos en la Orden.<\/p><p>La infracci\u00f3n de las disposiciones constituye una infracci\u00f3n administrativa, sancionable con una multa de entre 3 y 10 veces el valor del \u00edndice de ayuda social (IAS), que aplicar\u00e1 el Ministro de Sanidad, a propuesta del Colegio de Abogados, encargado de instruir el expediente.<\/p><p>Para ello, e incluso utilizando los datos contenidos en la parte p\u00fablica de las instituciones que hasta ahora han regulado la actividad y la profesi\u00f3n, la Comisi\u00f3n Instaladora ha venido notificando a los empresarios y\/o proveedores directos de fisioterapia, para mejor proceder al proceso de colegiaci\u00f3n en curso, as\u00ed como procurando el estricto cumplimiento de la legalidad, como se ha dicho, combatiendo la fisioterapia il\u00edcita, en el \u00e1mbito de las competencias que se devolvieron a los fisioterapeutas como sociedad civil organizada con la creaci\u00f3n de la Orden.<\/p><p>El Comit\u00e9 de Instalaci\u00f3n<\/p>\t\t\t\t\t\t\t\t<\/div>\n\t\t\t\t<\/div>\n\t\t\t\t\t<\/div>\n\t\t<\/div>\n\t\t\t\t\t<\/div>\n\t\t<\/section>\n\t\t\t\t<\/div>","protected":false},"excerpt":{"rendered":"<p>La Orden de los Fisioterapeutas inici\u00f3, el 13 de mayo de 2021, el proceso de registro de los fisioterapeutas que ejercen su profesi\u00f3n en Portugal, en base a la normativa contenida en el DRE, 2\u00aa, E, de 23 de abril.<\/p>","protected":false},"author":1,"featured_media":2457,"comment_status":"closed","ping_status":"open","sticky":false,"template":"","format":"standard","meta":{"footnotes":""},"categories":[13],"tags":[],"class_list":["post-2456","post","type-post","status-publish","format-standard","has-post-thumbnail","hentry","category-noticias"],"_links":{"self":[{"href":"https:\/\/staging.ordemdosfisioterapeutas.pt\/es\/wp-json\/wp\/v2\/posts\/2456","targetHints":{"allow":["GET"]}}],"collection":[{"href":"https:\/\/staging.ordemdosfisioterapeutas.pt\/es\/wp-json\/wp\/v2\/posts"}],"about":[{"href":"https:\/\/staging.ordemdosfisioterapeutas.pt\/es\/wp-json\/wp\/v2\/types\/post"}],"author":[{"embeddable":true,"href":"https:\/\/staging.ordemdosfisioterapeutas.pt\/es\/wp-json\/wp\/v2\/users\/1"}],"replies":[{"embeddable":true,"href":"https:\/\/staging.ordemdosfisioterapeutas.pt\/es\/wp-json\/wp\/v2\/comments?post=2456"}],"version-history":[{"count":0,"href":"https:\/\/staging.ordemdosfisioterapeutas.pt\/es\/wp-json\/wp\/v2\/posts\/2456\/revisions"}],"wp:featuredmedia":[{"embeddable":true,"href":"https:\/\/staging.ordemdosfisioterapeutas.pt\/es\/wp-json\/wp\/v2\/media\/2457"}],"wp:attachment":[{"href":"https:\/\/staging.ordemdosfisioterapeutas.pt\/es\/wp-json\/wp\/v2\/media?parent=2456"}],"wp:term":[{"taxonomy":"category","embeddable":true,"href":"https:\/\/staging.ordemdosfisioterapeutas.pt\/es\/wp-json\/wp\/v2\/categories?post=2456"},{"taxonomy":"post_tag","embeddable":true,"href":"https:\/\/staging.ordemdosfisioterapeutas.pt\/es\/wp-json\/wp\/v2\/tags?post=2456"}],"curies":[{"name":"wp","href":"https:\/\/api.w.org\/{rel}","templated":true}]}}