{"id":246,"date":"2020-09-23T17:32:16","date_gmt":"2020-09-23T17:32:16","guid":{"rendered":"https:\/\/staging.ordemdosfisioterapeutas.pt\/?p=246"},"modified":"2021-03-16T20:58:11","modified_gmt":"2021-03-16T20:58:11","slug":"identidade-da-ordem-razoes-de-escolha","status":"publish","type":"post","link":"https:\/\/staging.ordemdosfisioterapeutas.pt\/es\/noticias\/identidade-da-ordem-razoes-de-escolha\/","title":{"rendered":"Identidad de la Orden: razones de la elecci\u00f3n"},"content":{"rendered":"<div data-elementor-type=\"wp-post\" data-elementor-id=\"246\" class=\"elementor elementor-246\" data-elementor-post-type=\"post\">\n\t\t\t\t\t\t<section class=\"elementor-section elementor-top-section elementor-element elementor-element-43a6a72d elementor-section-boxed elementor-section-height-default elementor-section-height-default\" data-id=\"43a6a72d\" data-element_type=\"section\" data-e-type=\"section\">\n\t\t\t\t\t\t<div class=\"elementor-container elementor-column-gap-default\">\n\t\t\t\t\t<div class=\"elementor-column elementor-col-100 elementor-top-column elementor-element elementor-element-4c2de4c1\" data-id=\"4c2de4c1\" data-element_type=\"column\" data-e-type=\"column\">\n\t\t\t<div class=\"elementor-widget-wrap elementor-element-populated\">\n\t\t\t\t\t\t<div class=\"elementor-element elementor-element-619f2345 elementor-widget elementor-widget-text-editor\" data-id=\"619f2345\" data-element_type=\"widget\" data-e-type=\"widget\" data-widget_type=\"text-editor.default\">\n\t\t\t\t<div class=\"elementor-widget-container\">\n\t\t\t\t\t\t\t\t\t<p>La Comisi\u00f3n de Instalaci\u00f3n de la Orden de Fisioterapeutas promovi\u00f3 un concurso para el desarrollo de su identidad personal. Se presentaron varias propuestas y la comisi\u00f3n instaladora se decant\u00f3 por la que presentaba mayores garant\u00edas de cumplir el objetivo de una identidad profesional.<\/p><p>La elecci\u00f3n de una marca sobria pero actual, capaz de transmitir e identificar la labor de la organizaci\u00f3n en cualquier contexto, era una prioridad. Sabiendo que los entornos digitales se ver\u00e1n favorecidos en el contacto de la Orden con sus miembros y socios, buscamos una identidad adaptada a esta realidad y f\u00e1cilmente aplicable a cualquier plataforma de comunicaci\u00f3n.<\/p><p>La identidad se basa en formas redondeadas, favoreciendo el color azul, que ya forma parte de las referencias de los fisioterapeutas. La elecci\u00f3n del azul se debe a que es el color representativo de la profesi\u00f3n, pero tambi\u00e9n el color de la simpat\u00eda, la armon\u00eda y la fidelidad. Las formas redondeadas transmiten movimiento y dinamismo, valores que consideramos esenciales en la Fisioterapia y en la Orden de Fisioterapeutas.<\/p>\t\t\t\t\t\t\t\t<\/div>\n\t\t\t\t<\/div>\n\t\t\t\t\t<\/div>\n\t\t<\/div>\n\t\t\t\t\t<\/div>\n\t\t<\/section>\n\t\t\t\t<\/div>","protected":false},"excerpt":{"rendered":"<p>La Comisi\u00f3n de Instalaci\u00f3n de la Orden de Fisioterapeutas promovi\u00f3 un concurso para el desarrollo de su identidad personal. Se presentaron varias propuestas y la comisi\u00f3n instaladora se decant\u00f3 por la que presentaba mayores garant\u00edas de cumplir el objetivo de una identidad profesional.<\/p>","protected":false},"author":1,"featured_media":1243,"comment_status":"closed","ping_status":"open","sticky":false,"template":"","format":"standard","meta":{"footnotes":""},"categories":[13],"tags":[],"class_list":["post-246","post","type-post","status-publish","format-standard","has-post-thumbnail","hentry","category-noticias"],"_links":{"self":[{"href":"https:\/\/staging.ordemdosfisioterapeutas.pt\/es\/wp-json\/wp\/v2\/posts\/246","targetHints":{"allow":["GET"]}}],"collection":[{"href":"https:\/\/staging.ordemdosfisioterapeutas.pt\/es\/wp-json\/wp\/v2\/posts"}],"about":[{"href":"https:\/\/staging.ordemdosfisioterapeutas.pt\/es\/wp-json\/wp\/v2\/types\/post"}],"author":[{"embeddable":true,"href":"https:\/\/staging.ordemdosfisioterapeutas.pt\/es\/wp-json\/wp\/v2\/users\/1"}],"replies":[{"embeddable":true,"href":"https:\/\/staging.ordemdosfisioterapeutas.pt\/es\/wp-json\/wp\/v2\/comments?post=246"}],"version-history":[{"count":0,"href":"https:\/\/staging.ordemdosfisioterapeutas.pt\/es\/wp-json\/wp\/v2\/posts\/246\/revisions"}],"wp:featuredmedia":[{"embeddable":true,"href":"https:\/\/staging.ordemdosfisioterapeutas.pt\/es\/wp-json\/wp\/v2\/media\/1243"}],"wp:attachment":[{"href":"https:\/\/staging.ordemdosfisioterapeutas.pt\/es\/wp-json\/wp\/v2\/media?parent=246"}],"wp:term":[{"taxonomy":"category","embeddable":true,"href":"https:\/\/staging.ordemdosfisioterapeutas.pt\/es\/wp-json\/wp\/v2\/categories?post=246"},{"taxonomy":"post_tag","embeddable":true,"href":"https:\/\/staging.ordemdosfisioterapeutas.pt\/es\/wp-json\/wp\/v2\/tags?post=246"}],"curies":[{"name":"wp","href":"https:\/\/api.w.org\/{rel}","templated":true}]}}