{"id":2959,"date":"2021-09-15T14:40:33","date_gmt":"2021-09-15T13:40:33","guid":{"rendered":"https:\/\/staging.ordemdosfisioterapeutas.pt\/?p=2959"},"modified":"2021-09-20T10:21:38","modified_gmt":"2021-09-20T09:21:38","slug":"candidaturas-aos-orgaos-estatutarios-da-ordem-dos-fisioterapeutas","status":"publish","type":"post","link":"https:\/\/staging.ordemdosfisioterapeutas.pt\/es\/noticias\/candidaturas-aos-orgaos-estatutarios-da-ordem-dos-fisioterapeutas\/","title":{"rendered":"Candidaturas a los \u00f3rganos estatutarios de la Orden de Fisioterapeutas de Portugal"},"content":{"rendered":"<div data-elementor-type=\"wp-post\" data-elementor-id=\"2959\" class=\"elementor elementor-2959\" data-elementor-post-type=\"post\">\n\t\t\t\t\t\t<section class=\"elementor-section elementor-top-section elementor-element elementor-element-6d62eac elementor-section-boxed elementor-section-height-default elementor-section-height-default\" data-id=\"6d62eac\" data-element_type=\"section\" data-e-type=\"section\">\n\t\t\t\t\t\t<div class=\"elementor-container elementor-column-gap-default\">\n\t\t\t\t\t<div class=\"elementor-column elementor-col-100 elementor-top-column elementor-element elementor-element-44d5541\" data-id=\"44d5541\" data-element_type=\"column\" data-e-type=\"column\">\n\t\t\t<div class=\"elementor-widget-wrap elementor-element-populated\">\n\t\t\t\t\t\t<div class=\"elementor-element elementor-element-ecce178 elementor-widget elementor-widget-text-editor\" data-id=\"ecce178\" data-element_type=\"widget\" data-e-type=\"widget\" data-widget_type=\"text-editor.default\">\n\t\t\t\t<div class=\"elementor-widget-container\">\n\t\t\t\t\t\t\t\t\t<p>Pueden votar en las elecciones todos los fisioterapeutas cuya inscripci\u00f3n en la Orden est\u00e9 al d\u00eda. <strong>7 de octubre<\/strong> 2021. Si ha presentado recientemente su solicitud, responda con prontitud a cualquier solicitud de correcci\u00f3n o pago. No se retrase.<\/p><p>Las solicitudes deben presentarse antes del\u00a0<strong>19 de octubre<\/strong>\u00a02021.<\/p><p>Las elecciones tendr\u00e1n lugar el <strong>15 de noviembre<\/strong> de 2021, por voto electr\u00f3nico o en persona en la sede de la Orden.<\/p><p>Consulte toda la informaci\u00f3n en el sitio web de la Orden - vaya directamente all\u00ed <span style=\"text-decoration: underline;\"><a href=\"https:\/\/staging.ordemdosfisioterapeutas.pt\/es\/eleicoes\/\">haciendo clic aqu\u00ed<\/a><\/span>.<\/p><p><strong>Participe en las primeras elecciones de la Orden de Fisioterapeutas.<\/strong><\/p>\t\t\t\t\t\t\t\t<\/div>\n\t\t\t\t<\/div>\n\t\t\t\t\t<\/div>\n\t\t<\/div>\n\t\t\t\t\t<\/div>\n\t\t<\/section>\n\t\t\t\t<\/div>","protected":false},"excerpt":{"rendered":"<p>Todos los fisioterapeutas que tengan regularizada su inscripci\u00f3n en la Orden hasta el 7 de octubre de 2021 son electores y pueden participar en el acto electoral. Si ha presentado recientemente su solicitud de inscripci\u00f3n, responda con prontitud a cualquier solicitud de correcci\u00f3n o pago. No llegues tarde.<\/p>","protected":false},"author":1,"featured_media":2958,"comment_status":"closed","ping_status":"open","sticky":false,"template":"","format":"standard","meta":{"footnotes":""},"categories":[13],"tags":[],"class_list":["post-2959","post","type-post","status-publish","format-standard","has-post-thumbnail","hentry","category-noticias"],"_links":{"self":[{"href":"https:\/\/staging.ordemdosfisioterapeutas.pt\/es\/wp-json\/wp\/v2\/posts\/2959","targetHints":{"allow":["GET"]}}],"collection":[{"href":"https:\/\/staging.ordemdosfisioterapeutas.pt\/es\/wp-json\/wp\/v2\/posts"}],"about":[{"href":"https:\/\/staging.ordemdosfisioterapeutas.pt\/es\/wp-json\/wp\/v2\/types\/post"}],"author":[{"embeddable":true,"href":"https:\/\/staging.ordemdosfisioterapeutas.pt\/es\/wp-json\/wp\/v2\/users\/1"}],"replies":[{"embeddable":true,"href":"https:\/\/staging.ordemdosfisioterapeutas.pt\/es\/wp-json\/wp\/v2\/comments?post=2959"}],"version-history":[{"count":0,"href":"https:\/\/staging.ordemdosfisioterapeutas.pt\/es\/wp-json\/wp\/v2\/posts\/2959\/revisions"}],"wp:featuredmedia":[{"embeddable":true,"href":"https:\/\/staging.ordemdosfisioterapeutas.pt\/es\/wp-json\/wp\/v2\/media\/2958"}],"wp:attachment":[{"href":"https:\/\/staging.ordemdosfisioterapeutas.pt\/es\/wp-json\/wp\/v2\/media?parent=2959"}],"wp:term":[{"taxonomy":"category","embeddable":true,"href":"https:\/\/staging.ordemdosfisioterapeutas.pt\/es\/wp-json\/wp\/v2\/categories?post=2959"},{"taxonomy":"post_tag","embeddable":true,"href":"https:\/\/staging.ordemdosfisioterapeutas.pt\/es\/wp-json\/wp\/v2\/tags?post=2959"}],"curies":[{"name":"wp","href":"https:\/\/api.w.org\/{rel}","templated":true}]}}