{"id":2974,"date":"2021-09-17T18:12:14","date_gmt":"2021-09-17T17:12:14","guid":{"rendered":"https:\/\/staging.ordemdosfisioterapeutas.pt\/?p=2974"},"modified":"2021-09-17T18:14:57","modified_gmt":"2021-09-17T17:14:57","slug":"a-comissao-instaladora-da-ordem-dos-fisioterapeutas-reune-com-representantes-das-instituicoes-do-ensino-superior","status":"publish","type":"post","link":"https:\/\/staging.ordemdosfisioterapeutas.pt\/es\/noticias\/a-comissao-instaladora-da-ordem-dos-fisioterapeutas-reune-com-representantes-das-instituicoes-do-ensino-superior\/","title":{"rendered":"La Comisi\u00f3n de Instalaci\u00f3n de la Orden de Fisioterapeutas se re\u00fane con representantes de Instituciones de Educaci\u00f3n Superior"},"content":{"rendered":"<div data-elementor-type=\"wp-post\" data-elementor-id=\"2974\" class=\"elementor elementor-2974\" data-elementor-post-type=\"post\">\n\t\t\t\t\t\t<section class=\"elementor-section elementor-top-section elementor-element elementor-element-b6de0e9 elementor-section-boxed elementor-section-height-default elementor-section-height-default\" data-id=\"b6de0e9\" data-element_type=\"section\" data-e-type=\"section\">\n\t\t\t\t\t\t<div class=\"elementor-container elementor-column-gap-default\">\n\t\t\t\t\t<div class=\"elementor-column elementor-col-100 elementor-top-column elementor-element elementor-element-aad8e1b\" data-id=\"aad8e1b\" data-element_type=\"column\" data-e-type=\"column\">\n\t\t\t<div class=\"elementor-widget-wrap elementor-element-populated\">\n\t\t\t\t\t\t<div class=\"elementor-element elementor-element-cb6153a elementor-widget elementor-widget-text-editor\" data-id=\"cb6153a\" data-element_type=\"widget\" data-e-type=\"widget\" data-widget_type=\"text-editor.default\">\n\t\t\t\t<div class=\"elementor-widget-container\">\n\t\t\t\t\t\t\t\t\t<p>La Comisi\u00f3n de Instalaci\u00f3n (CI) de la Orden se reuni\u00f3 con la direcci\u00f3n del <strong>CCISP<\/strong> - Consejo de Coordinaci\u00f3n de los Institutos Polit\u00e9cnicos Superiores y el <strong>APESP<\/strong> - Associa\u00e7\u00e3o Portuguesa do Ensino Superior Privado (Asociaci\u00f3n Portuguesa de Ense\u00f1anza Superior Privada), las estructuras que representan a las Instituciones de Ense\u00f1anza Superior (IES) portuguesas del sector p\u00fablico y del sector privado y cooperativo, respectivamente. Las reuniones con la CCISP tuvieron lugar los d\u00edas 30 de mayo y 30 de julio y la reuni\u00f3n con la APESP se celebr\u00f3 el 30 de junio.<br \/><br \/>Adem\u00e1s de la presentaci\u00f3n de saludos, en ambas reuniones se trataron temas de inter\u00e9s mutuo, en los que se hizo especial hincapi\u00e9:<br \/><br \/>1 - Colaboraci\u00f3n para facilitar los tr\u00e1mites de colegiaci\u00f3n de los nuevos licenciados;<br \/>2 - Promover la calidad de la ense\u00f1anza de la fisioterapia a nivel de pregrado, siendo el CI de la Orden el punto de referencia para la convergencia con los est\u00e1ndares internacionales;<br \/>3 - Las perspectivas de desarrollo de especialidades dentro de la profesi\u00f3n y la combinaci\u00f3n de formaci\u00f3n de posgrado y titulaciones acad\u00e9micas superiores.<br \/><br \/>Todas las reuniones concluyeron con la necesidad de una cooperaci\u00f3n estrat\u00e9gica y complementaria, reconociendo al mismo tiempo la diferente naturaleza de las organizaciones implicadas.<br \/>Como complemento a este enfoque a nivel de las organizaciones representativas del sector educativo, CI ha mantenido un di\u00e1logo directo y formal con los responsables de las instituciones de ense\u00f1anza superior con formaci\u00f3n inicial en fisioterapia, y con los directores\/coordinadores de los respectivos cursos, que ha resultado fruct\u00edfero.<\/p><p>En sus contactos con las IES, el CI de la Orden ha hecho hincapi\u00e9 en el respeto de la autonom\u00eda de los respectivos organismos pedag\u00f3gicos y cient\u00edficos, y ha valorado el papel de las IES en t\u00e9rminos de desarrollo profesional. En este contexto, cabe se\u00f1alar que la referencia de convergencia para la formaci\u00f3n inicial de los fisioterapeutas adoptada por el CI de la Orden se basa en una propuesta presentada a iniciativa de un amplio abanico de profesores.<\/p><p>El CI de la Orden tambi\u00e9n ha estado desarrollando contactos con el <strong>A3ES<\/strong> - Ag\u00eancia de Avalia\u00e7\u00e3o e Acredita\u00e7\u00e3o do Ensino Superior (Agencia de Evaluaci\u00f3n y Acreditaci\u00f3n de la Ense\u00f1anza Superior), a la espera de la programaci\u00f3n de una reuni\u00f3n para presentar saludos al nuevo Consejo de Administraci\u00f3n de esa organizaci\u00f3n.<br \/><br \/><br \/>Nota - Foto de la reuni\u00f3n OF \/ APESP: Ant\u00f3nio Almeida Dias, Jos\u00e9 Jo\u00e3o Mendes, Jos\u00e9 Manuel Silva y Miguel Copetto y, por parte del Comit\u00e9 Instalador, Isabel Souza Guerra, Ant\u00f3nio Lopes y Nuno Cordeiro.<\/p>\t\t\t\t\t\t\t\t<\/div>\n\t\t\t\t<\/div>\n\t\t\t\t\t<\/div>\n\t\t<\/div>\n\t\t\t\t\t<\/div>\n\t\t<\/section>\n\t\t\t\t<\/div>","protected":false},"excerpt":{"rendered":"<p>La Comisi\u00f3n Instaladora (CI) de la Orden se reuni\u00f3 con la Junta Directiva de la CCISP - Consejo de Coordinaci\u00f3n de los Institutos Polit\u00e9cnicos de Ense\u00f1anza Superior y la APESP - Asociaci\u00f3n Portuguesa de Ense\u00f1anza Superior Privada, estructuras representativas de las instituciones de ense\u00f1anza superior (IES) portuguesas del sector p\u00fablico y del sector privado y cooperativo, respectivamente. Las reuniones con la CCISP se celebraron el 30 de mayo y el 30 de julio, y la reuni\u00f3n con la APESP tuvo lugar el 30 de junio.<\/p>","protected":false},"author":1,"featured_media":2973,"comment_status":"closed","ping_status":"open","sticky":false,"template":"","format":"standard","meta":{"footnotes":""},"categories":[13],"tags":[],"class_list":["post-2974","post","type-post","status-publish","format-standard","has-post-thumbnail","hentry","category-noticias"],"_links":{"self":[{"href":"https:\/\/staging.ordemdosfisioterapeutas.pt\/es\/wp-json\/wp\/v2\/posts\/2974","targetHints":{"allow":["GET"]}}],"collection":[{"href":"https:\/\/staging.ordemdosfisioterapeutas.pt\/es\/wp-json\/wp\/v2\/posts"}],"about":[{"href":"https:\/\/staging.ordemdosfisioterapeutas.pt\/es\/wp-json\/wp\/v2\/types\/post"}],"author":[{"embeddable":true,"href":"https:\/\/staging.ordemdosfisioterapeutas.pt\/es\/wp-json\/wp\/v2\/users\/1"}],"replies":[{"embeddable":true,"href":"https:\/\/staging.ordemdosfisioterapeutas.pt\/es\/wp-json\/wp\/v2\/comments?post=2974"}],"version-history":[{"count":0,"href":"https:\/\/staging.ordemdosfisioterapeutas.pt\/es\/wp-json\/wp\/v2\/posts\/2974\/revisions"}],"wp:featuredmedia":[{"embeddable":true,"href":"https:\/\/staging.ordemdosfisioterapeutas.pt\/es\/wp-json\/wp\/v2\/media\/2973"}],"wp:attachment":[{"href":"https:\/\/staging.ordemdosfisioterapeutas.pt\/es\/wp-json\/wp\/v2\/media?parent=2974"}],"wp:term":[{"taxonomy":"category","embeddable":true,"href":"https:\/\/staging.ordemdosfisioterapeutas.pt\/es\/wp-json\/wp\/v2\/categories?post=2974"},{"taxonomy":"post_tag","embeddable":true,"href":"https:\/\/staging.ordemdosfisioterapeutas.pt\/es\/wp-json\/wp\/v2\/tags?post=2974"}],"curies":[{"name":"wp","href":"https:\/\/api.w.org\/{rel}","templated":true}]}}