{"id":3079,"date":"2021-09-30T18:06:22","date_gmt":"2021-09-30T17:06:22","guid":{"rendered":"https:\/\/staging.ordemdosfisioterapeutas.pt\/?p=3079"},"modified":"2021-10-01T13:19:43","modified_gmt":"2021-10-01T12:19:43","slug":"formulario-de-inscricao-na-ordem","status":"publish","type":"post","link":"https:\/\/staging.ordemdosfisioterapeutas.pt\/es\/noticias\/formulario-de-inscricao-na-ordem\/","title":{"rendered":"Formulario de solicitud de pedido"},"content":{"rendered":"<div data-elementor-type=\"wp-post\" data-elementor-id=\"3079\" class=\"elementor elementor-3079\" data-elementor-post-type=\"post\">\n\t\t\t\t\t\t<section class=\"elementor-section elementor-top-section elementor-element elementor-element-c602321 elementor-section-boxed elementor-section-height-default elementor-section-height-default\" data-id=\"c602321\" data-element_type=\"section\" data-e-type=\"section\">\n\t\t\t\t\t\t<div class=\"elementor-container elementor-column-gap-default\">\n\t\t\t\t\t<div class=\"elementor-column elementor-col-100 elementor-top-column elementor-element elementor-element-799eccb\" data-id=\"799eccb\" data-element_type=\"column\" data-e-type=\"column\">\n\t\t\t<div class=\"elementor-widget-wrap elementor-element-populated\">\n\t\t\t\t\t\t<div class=\"elementor-element elementor-element-198cb94 elementor-widget elementor-widget-text-editor\" data-id=\"198cb94\" data-element_type=\"widget\" data-e-type=\"widget\" data-widget_type=\"text-editor.default\">\n\t\t\t\t<div class=\"elementor-widget-container\">\n\t\t\t\t\t\t\t\t\t<p>En cuanto a la extensi\u00f3n y el detalle requerido en el proceso de inscripci\u00f3n en la Orden, la Comisi\u00f3n Instaladora de la Orden de Fisioterapeutas aclara que la composici\u00f3n del formulario de inscripci\u00f3n fue dise\u00f1ada con la ayuda de expertos y probada con una muestra de colegas.<\/p><p>Por un lado, para garantizar la seguridad de los usuarios y, por otro, desde el punto de vista organizativo, para poder conocer con cierto detalle qui\u00e9nes son los fisioterapeutas, qu\u00e9 perfil formativo tienen y en qu\u00e9 contextos laborales trabajan.<\/p><p>Subrayando que la Orden tambi\u00e9n tiene un papel que desempe\u00f1ar en \"la prestaci\u00f3n de servicios a sus miembros en relaci\u00f3n con la pr\u00e1ctica profesional, especialmente en materia de informaci\u00f3n, formaci\u00f3n profesional y asistencia t\u00e9cnica y jur\u00eddica\", conocer el perfil de sus miembros es esencial para que los futuros \u00f3rganos elegidos puedan considerar el tipo de servicios a desarrollar, tanto en defensa directa de cada individuo como en t\u00e9rminos de salud p\u00fablica.<\/p><p>El IC podr\u00eda haber optado por un modelo de registro m\u00e1s simplificado, para poder profundizar posteriormente en el conocimiento de sus miembros. Esta es una oportunidad y un esfuerzo inicial para reunir un conjunto de informaci\u00f3n esencial para caracterizar a los fisioterapeutas portugueses, que es fundamental para que los fisioterapeutas asuman la responsabilidad individual y colectiva en su pr\u00e1ctica diaria.<\/p><p>Esperamos que con la futura divulgaci\u00f3n del perfil de los miembros de la Orden, los colegas sientan que sus esfuerzos al rellenar el formulario han merecido la pena.<\/p>\t\t\t\t\t\t\t\t<\/div>\n\t\t\t\t<\/div>\n\t\t\t\t<div class=\"elementor-element elementor-element-6c4d941 elementor-align-left elementor-widget elementor-widget-button\" data-id=\"6c4d941\" data-element_type=\"widget\" data-e-type=\"widget\" data-widget_type=\"button.default\">\n\t\t\t\t<div class=\"elementor-widget-container\">\n\t\t\t\t\t\t\t\t\t<div class=\"elementor-button-wrapper\">\n\t\t\t\t\t<a class=\"elementor-button elementor-button-link elementor-size-sm\" href=\"https:\/\/staging.ordemdosfisioterapeutas.pt\/wp-content\/uploads\/2021\/09\/caracterizacao-formulario.pdf\">\n\t\t\t\t\t\t<span class=\"elementor-button-content-wrapper\">\n\t\t\t\t\t\t\t\t\t<span class=\"elementor-button-text\">Caracterizaci\u00f3n de la forma<\/span>\n\t\t\t\t\t<\/span>\n\t\t\t\t\t<\/a>\n\t\t\t\t<\/div>\n\t\t\t\t\t\t\t\t<\/div>\n\t\t\t\t<\/div>\n\t\t\t\t\t<\/div>\n\t\t<\/div>\n\t\t\t\t\t<\/div>\n\t\t<\/section>\n\t\t\t\t<\/div>","protected":false},"excerpt":{"rendered":"<p>En cuanto a la extensi\u00f3n y el detalle requerido en el proceso de inscripci\u00f3n en la Orden, la Comisi\u00f3n Instaladora de la Orden de Fisioterapeutas aclara que la composici\u00f3n del formulario de inscripci\u00f3n fue dise\u00f1ada con la ayuda de expertos y probada con una muestra de colegas.       <\/p>","protected":false},"author":1,"featured_media":3080,"comment_status":"closed","ping_status":"open","sticky":false,"template":"","format":"standard","meta":{"footnotes":""},"categories":[13],"tags":[],"class_list":["post-3079","post","type-post","status-publish","format-standard","has-post-thumbnail","hentry","category-noticias"],"_links":{"self":[{"href":"https:\/\/staging.ordemdosfisioterapeutas.pt\/es\/wp-json\/wp\/v2\/posts\/3079","targetHints":{"allow":["GET"]}}],"collection":[{"href":"https:\/\/staging.ordemdosfisioterapeutas.pt\/es\/wp-json\/wp\/v2\/posts"}],"about":[{"href":"https:\/\/staging.ordemdosfisioterapeutas.pt\/es\/wp-json\/wp\/v2\/types\/post"}],"author":[{"embeddable":true,"href":"https:\/\/staging.ordemdosfisioterapeutas.pt\/es\/wp-json\/wp\/v2\/users\/1"}],"replies":[{"embeddable":true,"href":"https:\/\/staging.ordemdosfisioterapeutas.pt\/es\/wp-json\/wp\/v2\/comments?post=3079"}],"version-history":[{"count":0,"href":"https:\/\/staging.ordemdosfisioterapeutas.pt\/es\/wp-json\/wp\/v2\/posts\/3079\/revisions"}],"wp:featuredmedia":[{"embeddable":true,"href":"https:\/\/staging.ordemdosfisioterapeutas.pt\/es\/wp-json\/wp\/v2\/media\/3080"}],"wp:attachment":[{"href":"https:\/\/staging.ordemdosfisioterapeutas.pt\/es\/wp-json\/wp\/v2\/media?parent=3079"}],"wp:term":[{"taxonomy":"category","embeddable":true,"href":"https:\/\/staging.ordemdosfisioterapeutas.pt\/es\/wp-json\/wp\/v2\/categories?post=3079"},{"taxonomy":"post_tag","embeddable":true,"href":"https:\/\/staging.ordemdosfisioterapeutas.pt\/es\/wp-json\/wp\/v2\/tags?post=3079"}],"curies":[{"name":"wp","href":"https:\/\/api.w.org\/{rel}","templated":true}]}}