{"id":3393,"date":"2021-11-07T17:51:03","date_gmt":"2021-11-07T17:51:03","guid":{"rendered":"https:\/\/staging.ordemdosfisioterapeutas.pt\/?p=3393"},"modified":"2021-11-07T17:57:59","modified_gmt":"2021-11-07T17:57:59","slug":"os-debates-dos-candidatos-a-bastonario-da-ordem-dos-fisioterapeutas","status":"publish","type":"post","link":"https:\/\/staging.ordemdosfisioterapeutas.pt\/es\/noticias\/os-debates-dos-candidatos-a-bastonario-da-ordem-dos-fisioterapeutas\/","title":{"rendered":"Los debates de los candidatos a Presidente del Instituto Portugu\u00e9s de Fisioterapeutas"},"content":{"rendered":"<div data-elementor-type=\"wp-post\" data-elementor-id=\"3393\" class=\"elementor elementor-3393\" data-elementor-post-type=\"post\">\n\t\t\t\t\t\t<section class=\"elementor-section elementor-top-section elementor-element elementor-element-9554401 elementor-section-boxed elementor-section-height-default elementor-section-height-default\" data-id=\"9554401\" data-element_type=\"section\" data-e-type=\"section\">\n\t\t\t\t\t\t<div class=\"elementor-container elementor-column-gap-default\">\n\t\t\t\t\t<div class=\"elementor-column elementor-col-100 elementor-top-column elementor-element elementor-element-9f64eeb\" data-id=\"9f64eeb\" data-element_type=\"column\" data-e-type=\"column\">\n\t\t\t<div class=\"elementor-widget-wrap elementor-element-populated\">\n\t\t\t\t\t\t<div class=\"elementor-element elementor-element-be241d6 elementor-widget elementor-widget-text-editor\" data-id=\"be241d6\" data-element_type=\"widget\" data-e-type=\"widget\" data-widget_type=\"text-editor.default\">\n\t\t\t\t<div class=\"elementor-widget-container\">\n\t\t\t\t\t\t\t\t\t<p>El pasado lunes 1 de noviembre tuvo lugar el primer debate entre los dos candidatos al cargo de Presidente de la Orden de Fisioterapeutas de Portugal, Ant\u00f3nio Lopes y Emanuel Vital, moderado por la periodista Marta Reis (subdirectora de Jornal I y Jornal SOL). El acto se retransmiti\u00f3 en directo a trav\u00e9s de la plataforma YouTube.<\/p><p>Vea o vuelva a ver el primer debate aqu\u00ed: <span style=\"text-decoration: underline;\"><a href=\"https:\/\/www.youtube.com\/watch?v=rqNUSvTo9PE\" target=\"_blank\" rel=\"noopener\">https:\/\/www.youtube.com\/watch?v=rqNUSvTo9PE<\/a><\/span><\/p><p>La segunda reuni\u00f3n tendr\u00e1 lugar el 8 de noviembre a las 18.30 horas.<\/p><p>Estos debates est\u00e1n organizados por <a href=\"https:\/\/www.facebook.com\/ANJFisioterapia\/?__cft__%5b0%5d=AZX_bdE0EK6vShetTlszX9Z8twf4mFhMAQWvu8cn099MbmZGD1K7u-Vd6raVd92_6uMjLiXHa1NK5-D9ckqHFnWAUAiUz82N0COa2sBa31NL8ByjHx26Bfbw-CaAgLqFR8EvD8_oTEYU2dORFsSVITYdPl5D1SgpHj723tujYPc-kQ&amp;__tn__=kK-R\">Asociaci\u00f3n Nacional de J\u00f3venes Fisioterapeutas<\/a>con la colaboraci\u00f3n de la Comisi\u00f3n de Instalaci\u00f3n de la <a href=\"https:\/\/www.facebook.com\/OrdemDosFisioterapeutas\/?__cft__%5b0%5d=AZX_bdE0EK6vShetTlszX9Z8twf4mFhMAQWvu8cn099MbmZGD1K7u-Vd6raVd92_6uMjLiXHa1NK5-D9ckqHFnWAUAiUz82N0COa2sBa31NL8ByjHx26Bfbw-CaAgLqFR8EvD8_oTEYU2dORFsSVITYdPl5D1SgpHj723tujYPc-kQ&amp;__tn__=kK-R\">Orden de Fisioterapeutas<\/a>.<\/p><p>Con el fin de aclarar la situaci\u00f3n a todos aquellos que deseen votar de forma m\u00e1s consciente en las pr\u00f3ximas elecciones, les insto a que vean y compartan estos momentos de gran importancia para el futuro de Europa. <a href=\"https:\/\/www.facebook.com\/hashtag\/fisioterapia?__eep__=6&amp;__cft__%5b0%5d=AZX_bdE0EK6vShetTlszX9Z8twf4mFhMAQWvu8cn099MbmZGD1K7u-Vd6raVd92_6uMjLiXHa1NK5-D9ckqHFnWAUAiUz82N0COa2sBa31NL8ByjHx26Bfbw-CaAgLqFR8EvD8_oTEYU2dORFsSVITYdPl5D1SgpHj723tujYPc-kQ&amp;__tn__=*NK-R\">1TP5Fisioterapia<\/a> en Portugal.<\/p>\t\t\t\t\t\t\t\t<\/div>\n\t\t\t\t<\/div>\n\t\t\t\t\t<\/div>\n\t\t<\/div>\n\t\t\t\t\t<\/div>\n\t\t<\/section>\n\t\t\t\t<\/div>","protected":false},"excerpt":{"rendered":"<p>El pasado lunes 1 de noviembre tuvo lugar el primer debate entre los dos candidatos al cargo de Presidente de la Orden de Fisioterapeutas de Portugal, Ant\u00f3nio Lopes y Emanuel Vital, moderado por la periodista Marta Reis (subdirectora de Jornal I y Jornal SOL). El acto se retransmiti\u00f3 en directo a trav\u00e9s de la plataforma YouTube.<\/p>","protected":false},"author":1,"featured_media":3394,"comment_status":"closed","ping_status":"open","sticky":false,"template":"","format":"standard","meta":{"footnotes":""},"categories":[13],"tags":[],"class_list":["post-3393","post","type-post","status-publish","format-standard","has-post-thumbnail","hentry","category-noticias"],"_links":{"self":[{"href":"https:\/\/staging.ordemdosfisioterapeutas.pt\/es\/wp-json\/wp\/v2\/posts\/3393","targetHints":{"allow":["GET"]}}],"collection":[{"href":"https:\/\/staging.ordemdosfisioterapeutas.pt\/es\/wp-json\/wp\/v2\/posts"}],"about":[{"href":"https:\/\/staging.ordemdosfisioterapeutas.pt\/es\/wp-json\/wp\/v2\/types\/post"}],"author":[{"embeddable":true,"href":"https:\/\/staging.ordemdosfisioterapeutas.pt\/es\/wp-json\/wp\/v2\/users\/1"}],"replies":[{"embeddable":true,"href":"https:\/\/staging.ordemdosfisioterapeutas.pt\/es\/wp-json\/wp\/v2\/comments?post=3393"}],"version-history":[{"count":0,"href":"https:\/\/staging.ordemdosfisioterapeutas.pt\/es\/wp-json\/wp\/v2\/posts\/3393\/revisions"}],"wp:featuredmedia":[{"embeddable":true,"href":"https:\/\/staging.ordemdosfisioterapeutas.pt\/es\/wp-json\/wp\/v2\/media\/3394"}],"wp:attachment":[{"href":"https:\/\/staging.ordemdosfisioterapeutas.pt\/es\/wp-json\/wp\/v2\/media?parent=3393"}],"wp:term":[{"taxonomy":"category","embeddable":true,"href":"https:\/\/staging.ordemdosfisioterapeutas.pt\/es\/wp-json\/wp\/v2\/categories?post=3393"},{"taxonomy":"post_tag","embeddable":true,"href":"https:\/\/staging.ordemdosfisioterapeutas.pt\/es\/wp-json\/wp\/v2\/tags?post=3393"}],"curies":[{"name":"wp","href":"https:\/\/api.w.org\/{rel}","templated":true}]}}