{"id":3416,"date":"2021-11-12T16:46:54","date_gmt":"2021-11-12T16:46:54","guid":{"rendered":"https:\/\/staging.ordemdosfisioterapeutas.pt\/?p=3416"},"modified":"2021-11-12T16:58:46","modified_gmt":"2021-11-12T16:58:46","slug":"plataforma-de-voto-link-ja-disponibilizado-confira-ja","status":"publish","type":"post","link":"https:\/\/staging.ordemdosfisioterapeutas.pt\/es\/noticias\/plataforma-de-voto-link-ja-disponibilizado-confira-ja\/","title":{"rendered":"PLATAFORMA DE VOTACI\u00d3N - Enlace ya disponible. Compru\u00e9balo."},"content":{"rendered":"<div data-elementor-type=\"wp-post\" data-elementor-id=\"3416\" class=\"elementor elementor-3416\" data-elementor-post-type=\"post\">\n\t\t\t\t\t\t<section class=\"elementor-section elementor-top-section elementor-element elementor-element-0470aa9 elementor-section-boxed elementor-section-height-default elementor-section-height-default\" data-id=\"0470aa9\" data-element_type=\"section\" data-e-type=\"section\">\n\t\t\t\t\t\t<div class=\"elementor-container elementor-column-gap-default\">\n\t\t\t\t\t<div class=\"elementor-column elementor-col-100 elementor-top-column elementor-element elementor-element-7181878\" data-id=\"7181878\" data-element_type=\"column\" data-e-type=\"column\">\n\t\t\t<div class=\"elementor-widget-wrap elementor-element-populated\">\n\t\t\t\t\t\t<div class=\"elementor-element elementor-element-78d31c1 elementor-widget elementor-widget-text-editor\" data-id=\"78d31c1\" data-element_type=\"widget\" data-e-type=\"widget\" data-widget_type=\"text-editor.default\">\n\t\t\t\t<div class=\"elementor-widget-container\">\n\t\t\t\t\t\t\t\t\t<p>Aunque las elecciones tendr\u00e1n lugar el pr\u00f3ximo lunes, 15 de noviembre, y s\u00f3lo ma\u00f1ana los fisioterapeutas recibir\u00e1n el SMS con su PIN\/Clave de Voto, ya est\u00e1 disponible el ENLACE para acceder a la PLATAFORMA DE VOTACI\u00d3N.<\/p><p>El enlace para votar es el siguiente:<\/p>\t\t\t\t\t\t\t\t<\/div>\n\t\t\t\t<\/div>\n\t\t\t\t<div class=\"elementor-element elementor-element-509a78d elementor-align-left elementor-widget elementor-widget-button\" data-id=\"509a78d\" data-element_type=\"widget\" data-e-type=\"widget\" data-widget_type=\"button.default\">\n\t\t\t\t<div class=\"elementor-widget-container\">\n\t\t\t\t\t\t\t\t\t<div class=\"elementor-button-wrapper\">\n\t\t\t\t\t<a class=\"elementor-button elementor-button-link elementor-size-sm\" href=\"https:\/\/votacoes.extremesolutions.pt\/ballots\/#\/login?election=90823\">\n\t\t\t\t\t\t<span class=\"elementor-button-content-wrapper\">\n\t\t\t\t\t\t\t\t\t<span class=\"elementor-button-text\">Enlace de votaci\u00f3n<\/span>\n\t\t\t\t\t<\/span>\n\t\t\t\t\t<\/a>\n\t\t\t\t<\/div>\n\t\t\t\t\t\t\t\t<\/div>\n\t\t\t\t<\/div>\n\t\t\t\t<div class=\"elementor-element elementor-element-920f493 elementor-widget elementor-widget-text-editor\" data-id=\"920f493\" data-element_type=\"widget\" data-e-type=\"widget\" data-widget_type=\"text-editor.default\">\n\t\t\t\t<div class=\"elementor-widget-container\">\n\t\t\t\t\t\t\t\t\t<p>Puede acceder a ella entrando en la zona de elecciones, pero le recordamos que las \"urnas\" S\u00d3LO estar\u00e1n abiertas a partir de las 00:00 horas del lunes 15 y se cerrar\u00e1n a las 20:00 horas (hora de Portugal continental).<\/p><p><strong>Tu voto marca la diferencia. Participe.<\/strong>\u00a0<\/p>\t\t\t\t\t\t\t\t<\/div>\n\t\t\t\t<\/div>\n\t\t\t\t\t<\/div>\n\t\t<\/div>\n\t\t\t\t\t<\/div>\n\t\t<\/section>\n\t\t\t\t<\/div>","protected":false},"excerpt":{"rendered":"<p>Aunque las elecciones tendr\u00e1n lugar el pr\u00f3ximo lunes, 15 de noviembre, y s\u00f3lo ma\u00f1ana los fisioterapeutas recibir\u00e1n el SMS con su PIN\/Clave de Voto, ya est\u00e1 disponible el ENLACE para acceder a la PLATAFORMA DE VOTACI\u00d3N.<\/p>","protected":false},"author":1,"featured_media":3417,"comment_status":"closed","ping_status":"open","sticky":false,"template":"","format":"standard","meta":{"footnotes":""},"categories":[13],"tags":[],"class_list":["post-3416","post","type-post","status-publish","format-standard","has-post-thumbnail","hentry","category-noticias"],"_links":{"self":[{"href":"https:\/\/staging.ordemdosfisioterapeutas.pt\/es\/wp-json\/wp\/v2\/posts\/3416","targetHints":{"allow":["GET"]}}],"collection":[{"href":"https:\/\/staging.ordemdosfisioterapeutas.pt\/es\/wp-json\/wp\/v2\/posts"}],"about":[{"href":"https:\/\/staging.ordemdosfisioterapeutas.pt\/es\/wp-json\/wp\/v2\/types\/post"}],"author":[{"embeddable":true,"href":"https:\/\/staging.ordemdosfisioterapeutas.pt\/es\/wp-json\/wp\/v2\/users\/1"}],"replies":[{"embeddable":true,"href":"https:\/\/staging.ordemdosfisioterapeutas.pt\/es\/wp-json\/wp\/v2\/comments?post=3416"}],"version-history":[{"count":0,"href":"https:\/\/staging.ordemdosfisioterapeutas.pt\/es\/wp-json\/wp\/v2\/posts\/3416\/revisions"}],"wp:featuredmedia":[{"embeddable":true,"href":"https:\/\/staging.ordemdosfisioterapeutas.pt\/es\/wp-json\/wp\/v2\/media\/3417"}],"wp:attachment":[{"href":"https:\/\/staging.ordemdosfisioterapeutas.pt\/es\/wp-json\/wp\/v2\/media?parent=3416"}],"wp:term":[{"taxonomy":"category","embeddable":true,"href":"https:\/\/staging.ordemdosfisioterapeutas.pt\/es\/wp-json\/wp\/v2\/categories?post=3416"},{"taxonomy":"post_tag","embeddable":true,"href":"https:\/\/staging.ordemdosfisioterapeutas.pt\/es\/wp-json\/wp\/v2\/tags?post=3416"}],"curies":[{"name":"wp","href":"https:\/\/api.w.org\/{rel}","templated":true}]}}