{"id":3563,"date":"2021-12-09T12:32:56","date_gmt":"2021-12-09T12:32:56","guid":{"rendered":"https:\/\/staging.ordemdosfisioterapeutas.pt\/?p=3563"},"modified":"2021-12-09T12:34:37","modified_gmt":"2021-12-09T12:34:37","slug":"vacinacao-covid-19-plano-para-fisioterapeutas","status":"publish","type":"post","link":"https:\/\/staging.ordemdosfisioterapeutas.pt\/es\/noticias\/vacinacao-covid-19-plano-para-fisioterapeutas\/","title":{"rendered":"COVID-19 Vacunaci\u00f3n - Plan para fisioterapeutas"},"content":{"rendered":"<div data-elementor-type=\"wp-post\" data-elementor-id=\"3563\" class=\"elementor elementor-3563\" data-elementor-post-type=\"post\">\n\t\t\t\t\t\t<section class=\"elementor-section elementor-top-section elementor-element elementor-element-e6827a4 elementor-section-boxed elementor-section-height-default elementor-section-height-default\" data-id=\"e6827a4\" data-element_type=\"section\" data-e-type=\"section\">\n\t\t\t\t\t\t<div class=\"elementor-container elementor-column-gap-default\">\n\t\t\t\t\t<div class=\"elementor-column elementor-col-100 elementor-top-column elementor-element elementor-element-2830a19\" data-id=\"2830a19\" data-element_type=\"column\" data-e-type=\"column\">\n\t\t\t<div class=\"elementor-widget-wrap elementor-element-populated\">\n\t\t\t\t\t\t<div class=\"elementor-element elementor-element-0644679 elementor-widget elementor-widget-text-editor\" data-id=\"0644679\" data-element_type=\"widget\" data-e-type=\"widget\" data-widget_type=\"text-editor.default\">\n\t\t\t\t<div class=\"elementor-widget-container\">\n\t\t\t\t\t\t\t\t\t<p>La Comisi\u00f3n de Instalaci\u00f3n del <span data-offset-key=\"1js40-1-0\">Orden de Fisioterapeutas<\/span><span data-offset-key=\"1js40-2-0\"> informaci\u00f3n solicitada a la DGS - Centro de Coordinaci\u00f3n de Vacunaci\u00f3n Covid19 <\/span>acerca de<span data-offset-key=\"1js40-4-0\"> la metodolog\u00eda de presentaci\u00f3n de vacunas que se adoptar\u00e1 para los miembros de esta Orden.<\/span><\/p><p><span data-offset-key=\"61jea-0-0\">Se ha indicado que, al igual que el resto de profesionales sanitarios, todos los colegiados del Colegio de Fisioterapeutas deber\u00e1n acudir a los centros de vacunaci\u00f3n durante el periodo de \"Puertas Abiertas\", solicitando previamente una clave digital, para vacunarse con la dosis de recuerdo de COVID19. <\/span><\/p><p><span data-offset-key=\"60vlc-0-0\">Esta solicitud, en modo \"puertas abiertas\", es para uso exclusivo del grupo \"Profesionales de la salud y otros profesionales sanitarios\".<\/span><\/p><p><span data-offset-key=\"rkfa-0-0\">Tambi\u00e9n hay que destacar que deben acreditar su profesi\u00f3n en el momento de la vacunaci\u00f3n, como miembro de la <\/span><span data-offset-key=\"rkfa-1-0\">Orden de Fisioterapeutas<\/span><span data-offset-key=\"rkfa-2-0\">a trav\u00e9s de su licencia profesional.<\/span><\/p><p><span data-offset-key=\"8ok6a-0-0\">Toda la informaci\u00f3n sobre la \"jornada de puertas abiertas\" y todos los pasos que hay que dar se encuentran en: <\/span><span style=\"text-decoration: underline;\"><a href=\"https:\/\/covid19.min-saude.pt\/casa-aberta\/\">https:\/\/covid19.min-saude.pt\/casa-aberta\/<\/a><\/span><\/p>\t\t\t\t\t\t\t\t<\/div>\n\t\t\t\t<\/div>\n\t\t\t\t\t<\/div>\n\t\t<\/div>\n\t\t\t\t\t<\/div>\n\t\t<\/section>\n\t\t\t\t<\/div>","protected":false},"excerpt":{"rendered":"<p>La Comisi\u00f3n Instaladora de la Orden de Fisioterapeutas solicit\u00f3 a la DGS - Centro Coordinador de Vacunaci\u00f3n Covid19 informaci\u00f3n sobre la metodolog\u00eda de sometimiento a vacunaci\u00f3n a adoptar para los miembros de esta Orden.<\/p>","protected":false},"author":1,"featured_media":3564,"comment_status":"closed","ping_status":"open","sticky":false,"template":"","format":"standard","meta":{"footnotes":""},"categories":[13],"tags":[],"class_list":["post-3563","post","type-post","status-publish","format-standard","has-post-thumbnail","hentry","category-noticias"],"_links":{"self":[{"href":"https:\/\/staging.ordemdosfisioterapeutas.pt\/es\/wp-json\/wp\/v2\/posts\/3563","targetHints":{"allow":["GET"]}}],"collection":[{"href":"https:\/\/staging.ordemdosfisioterapeutas.pt\/es\/wp-json\/wp\/v2\/posts"}],"about":[{"href":"https:\/\/staging.ordemdosfisioterapeutas.pt\/es\/wp-json\/wp\/v2\/types\/post"}],"author":[{"embeddable":true,"href":"https:\/\/staging.ordemdosfisioterapeutas.pt\/es\/wp-json\/wp\/v2\/users\/1"}],"replies":[{"embeddable":true,"href":"https:\/\/staging.ordemdosfisioterapeutas.pt\/es\/wp-json\/wp\/v2\/comments?post=3563"}],"version-history":[{"count":0,"href":"https:\/\/staging.ordemdosfisioterapeutas.pt\/es\/wp-json\/wp\/v2\/posts\/3563\/revisions"}],"wp:featuredmedia":[{"embeddable":true,"href":"https:\/\/staging.ordemdosfisioterapeutas.pt\/es\/wp-json\/wp\/v2\/media\/3564"}],"wp:attachment":[{"href":"https:\/\/staging.ordemdosfisioterapeutas.pt\/es\/wp-json\/wp\/v2\/media?parent=3563"}],"wp:term":[{"taxonomy":"category","embeddable":true,"href":"https:\/\/staging.ordemdosfisioterapeutas.pt\/es\/wp-json\/wp\/v2\/categories?post=3563"},{"taxonomy":"post_tag","embeddable":true,"href":"https:\/\/staging.ordemdosfisioterapeutas.pt\/es\/wp-json\/wp\/v2\/tags?post=3563"}],"curies":[{"name":"wp","href":"https:\/\/api.w.org\/{rel}","templated":true}]}}