{"id":3596,"date":"2021-12-11T20:02:53","date_gmt":"2021-12-11T20:02:53","guid":{"rendered":"https:\/\/staging.ordemdosfisioterapeutas.pt\/?p=3596"},"modified":"2021-12-11T20:40:05","modified_gmt":"2021-12-11T20:40:05","slug":"tomada-de-posse-os-novos-orgaos-estatutarios-para-o-quadrienio-2021-2024","status":"publish","type":"post","link":"https:\/\/staging.ordemdosfisioterapeutas.pt\/es\/noticias\/tomada-de-posse-os-novos-orgaos-estatutarios-para-o-quadrienio-2021-2024\/","title":{"rendered":"Toma de posesi\u00f3n de los nuevos \u00f3rganos estatutarios para el cuatrienio 2021-2024"},"content":{"rendered":"<div data-elementor-type=\"wp-post\" data-elementor-id=\"3596\" class=\"elementor elementor-3596\" data-elementor-post-type=\"post\">\n\t\t\t\t\t\t<section class=\"elementor-section elementor-top-section elementor-element elementor-element-ae77f45 elementor-section-boxed elementor-section-height-default elementor-section-height-default\" data-id=\"ae77f45\" data-element_type=\"section\" data-e-type=\"section\">\n\t\t\t\t\t\t<div class=\"elementor-container elementor-column-gap-default\">\n\t\t\t\t\t<div class=\"elementor-column elementor-col-100 elementor-top-column elementor-element elementor-element-afd3f35\" data-id=\"afd3f35\" data-element_type=\"column\" data-e-type=\"column\">\n\t\t\t<div class=\"elementor-widget-wrap elementor-element-populated\">\n\t\t\t\t\t\t<div class=\"elementor-element elementor-element-a284734 elementor-widget elementor-widget-text-editor\" data-id=\"a284734\" data-element_type=\"widget\" data-e-type=\"widget\" data-widget_type=\"text-editor.default\">\n\t\t\t\t<div class=\"elementor-widget-container\">\n\t\t\t\t\t\t\t\t\t<p>La ceremonia oficial de juramento de los primeros \u00d3rganos Estatutarios de la Orden de Fisioterapeutas tendr\u00e1 lugar el pr\u00f3ximo martes, 14 de diciembre, a las 16.30 horas, en el Auditorio de la Orden de Censores Jurados de Cuentas en Lisboa.<\/p><p>Tras ganar las primeras elecciones con el 64,31% de los votos, el Fisioterapeuta Ant\u00f3nio Manuel Fernandes Lopes ser\u00e1 el Presidente de la Orden de Fisioterapeutas para el cuatrienio 2021-2024.<\/p><p>La lista \u00fanica, encabezada por el fisioterapeuta Rui Costa para el Consejo General, obtuvo 81.23% de los votos. La lista A, encabezada por la fisioterapeuta Isabel Souza Guerra, fue elegida para el Consejo Jurisdiccional con 75.98%.<\/p><p>La ceremonia de toma de posesi\u00f3n de los \u00f3rganos estatutarios contar\u00e1 con la presencia de un centenar de invitados, entre ellos el Subsecretario de Estado de Sanidad, Dr. Ant\u00f3nio Lacerda Sales, el Presidente de la ACSS, Dr. V\u00edtor Herdeiro, el Presidente del Consejo Nacional de \u00d3rdenes Profesionales (CNOP), Carlos Mineiro Alves, y representantes de los Interlocutores Sociales y de los Colegios Profesionales.<\/p><p>El acto estar\u00e1 pronto a disposici\u00f3n de todo el mundo v\u00eda streaming.\u00a0<span style=\"text-decoration: underline;\"><a href=\"https:\/\/staging.ordemdosfisioterapeutas.pt\/es\/eleicoes\/tomada-de-posse\/\"> Haga clic en<\/a><a href=\"https:\/\/staging.ordemdosfisioterapeutas.pt\/es\/eleicoes\/tomada-de-posse\/\"> aqu\u00ed<\/a><\/span><\/p>\t\t\t\t\t\t\t\t<\/div>\n\t\t\t\t<\/div>\n\t\t\t\t\t<\/div>\n\t\t<\/div>\n\t\t\t\t\t<\/div>\n\t\t<\/section>\n\t\t\t\t<\/div>","protected":false},"excerpt":{"rendered":"<p>La ceremonia oficial de inauguraci\u00f3n de los primeros \u00f3rganos estatutarios de la Orden de Fisioterapeutas tendr\u00e1 lugar el pr\u00f3ximo martes, 14 de diciembre, a las 16h30 en el Auditorio de la Ordem dos Contabilistas Certificados, en Lisboa.<\/p>","protected":false},"author":1,"featured_media":3605,"comment_status":"closed","ping_status":"open","sticky":false,"template":"","format":"standard","meta":{"footnotes":""},"categories":[13],"tags":[],"class_list":["post-3596","post","type-post","status-publish","format-standard","has-post-thumbnail","hentry","category-noticias"],"_links":{"self":[{"href":"https:\/\/staging.ordemdosfisioterapeutas.pt\/es\/wp-json\/wp\/v2\/posts\/3596","targetHints":{"allow":["GET"]}}],"collection":[{"href":"https:\/\/staging.ordemdosfisioterapeutas.pt\/es\/wp-json\/wp\/v2\/posts"}],"about":[{"href":"https:\/\/staging.ordemdosfisioterapeutas.pt\/es\/wp-json\/wp\/v2\/types\/post"}],"author":[{"embeddable":true,"href":"https:\/\/staging.ordemdosfisioterapeutas.pt\/es\/wp-json\/wp\/v2\/users\/1"}],"replies":[{"embeddable":true,"href":"https:\/\/staging.ordemdosfisioterapeutas.pt\/es\/wp-json\/wp\/v2\/comments?post=3596"}],"version-history":[{"count":0,"href":"https:\/\/staging.ordemdosfisioterapeutas.pt\/es\/wp-json\/wp\/v2\/posts\/3596\/revisions"}],"wp:featuredmedia":[{"embeddable":true,"href":"https:\/\/staging.ordemdosfisioterapeutas.pt\/es\/wp-json\/wp\/v2\/media\/3605"}],"wp:attachment":[{"href":"https:\/\/staging.ordemdosfisioterapeutas.pt\/es\/wp-json\/wp\/v2\/media?parent=3596"}],"wp:term":[{"taxonomy":"category","embeddable":true,"href":"https:\/\/staging.ordemdosfisioterapeutas.pt\/es\/wp-json\/wp\/v2\/categories?post=3596"},{"taxonomy":"post_tag","embeddable":true,"href":"https:\/\/staging.ordemdosfisioterapeutas.pt\/es\/wp-json\/wp\/v2\/tags?post=3596"}],"curies":[{"name":"wp","href":"https:\/\/api.w.org\/{rel}","templated":true}]}}