{"id":3696,"date":"2021-12-18T09:29:28","date_gmt":"2021-12-18T09:29:28","guid":{"rendered":"https:\/\/staging.ordemdosfisioterapeutas.pt\/?p=3696"},"modified":"2021-12-18T09:31:41","modified_gmt":"2021-12-18T09:31:41","slug":"cerimonia-oficial-da-tomada-de-posse","status":"publish","type":"post","link":"https:\/\/staging.ordemdosfisioterapeutas.pt\/es\/noticias\/cerimonia-oficial-da-tomada-de-posse\/","title":{"rendered":"Ceremonia oficial de inauguraci\u00f3n"},"content":{"rendered":"<div data-elementor-type=\"wp-post\" data-elementor-id=\"3696\" class=\"elementor elementor-3696\" data-elementor-post-type=\"post\">\n\t\t\t\t\t\t<section class=\"elementor-section elementor-top-section elementor-element elementor-element-f00b46c elementor-section-boxed elementor-section-height-default elementor-section-height-default\" data-id=\"f00b46c\" data-element_type=\"section\" data-e-type=\"section\">\n\t\t\t\t\t\t<div class=\"elementor-container elementor-column-gap-default\">\n\t\t\t\t\t<div class=\"elementor-column elementor-col-100 elementor-top-column elementor-element elementor-element-2e39700\" data-id=\"2e39700\" data-element_type=\"column\" data-e-type=\"column\">\n\t\t\t<div class=\"elementor-widget-wrap elementor-element-populated\">\n\t\t\t\t\t\t<div class=\"elementor-element elementor-element-37e95bd elementor-widget elementor-widget-text-editor\" data-id=\"37e95bd\" data-element_type=\"widget\" data-e-type=\"widget\" data-widget_type=\"text-editor.default\">\n\t\t\t\t<div class=\"elementor-widget-container\">\n\t\t\t\t\t\t\t\t\t<p>La ceremonia oficial de inauguraci\u00f3n de los primeros \u00f3rganos estatutarios de la Orden de Fisioterapeutas tuvo lugar el 14 de diciembre de 2021 en el Audit\u00f3rio de la Ordem dos Contabilistas Certificados, en Lisboa.<br \/><br \/>Esta ceremonia cont\u00f3 con la presencia de un centenar de invitados, entre los que se encontraban el Subsecretario de Estado de Sanidad, Ant\u00f3nio Lacerda Sales, el Presidente de la ACSS, V\u00edtor Herdeiro, el Presidente del Consejo Nacional de \u00d3rdenes Profesionales (CNOP), Carlos Mineiro Aires, representantes de los Interlocutores Sociales y de los Colegios Profesionales y fisioterapeutas que honraron con su presencia este momento hist\u00f3rico.<br \/><br \/>La Presidenta de la Comisi\u00f3n de Instalaci\u00f3n (CI) de la Orden de Fisioterapeutas (Orden), Isabel de Souza Guerra, abri\u00f3 la sesi\u00f3n agradeciendo y saludando a todos los presentes, especialmente al Presidente de la Orden de Censores Jurados de Cuentas, por haber facilitado el excelente auditorio para este evento.<br \/>Agradeci\u00f3 al excelente equipo que trabaj\u00f3 con ella como comit\u00e9 de instalaci\u00f3n su labor, que sent\u00f3 unas bases s\u00f3lidas y seguras para el futuro de la organizaci\u00f3n, que espera sea fuerte e innovadora y represente dignamente a la profesi\u00f3n y a todos los fisioterapeutas.<br \/>Expuso todo el trabajo realizado por el Consejo General, en particular los procesos de inscripci\u00f3n y electoral, saludando a los elegidos y jurando despu\u00e9s los 50 miembros del Consejo General, en la persona del Presidente del Consejo General, Rui Jorge Dias Costa.<br \/><br \/>Maria da Concei\u00e7\u00e3o Bettencourt, miembro del IC del Colegio de Abogados de Portugal, anunci\u00f3 su compromiso de cumplir y firmar el formulario de aceptaci\u00f3n del Consejo Jurisdiccional, en la persona de su Presidenta, Isabel de Souza Guerra, identificando a los otros 4 miembros del \u00f3rgano.<br \/>El Presidente del CI de la Orden tambi\u00e9n anunci\u00f3 la promesa de honor y la firma del instrumento de investidura del Presidente, Ant\u00f3nio Manuel Fernandes Lopes, y le dio la palabra para su discurso inaugural.<\/p><p><br \/>El primer Presidente de la Orden de Fisioterapeutas pronunci\u00f3 unas palabras, dio las gracias a todos los que le han acompa\u00f1ado en su trayectoria vital personal y profesional, especialmente a su familia, y expuso las l\u00edneas maestras de su mandato propuesto.<br \/>En su intervenci\u00f3n destac\u00f3 algunos temas clave para la defensa del ciudadano, que tratar\u00e1 de poner en marcha, como la posibilidad de que los fisioterapeutas puedan derivar a los usuarios a otros profesionales sanitarios o a \"un fisioterapeuta m\u00e1s cualificado siempre que la situaci\u00f3n lo justifique\", se\u00f1alando incluso que \"ya tenemos muchos ejemplos de buenas pr\u00e1cticas en esta materia en nuestro pa\u00eds que tendremos que valorar y difundir\".<br \/><br \/>Ant\u00f3nio Manuel Fernandes Lopes defiende que es necesario crear las condiciones para que los fisioterapeutas definan la mejor forma de asignar los recursos en funci\u00f3n de las necesidades de los usuarios desde una perspectiva integrada y de continuidad asistencial, apoy\u00e1ndose en una demostraci\u00f3n de los resultados de su intervenci\u00f3n, apoyada en estudios de coste-beneficio y en una evaluaci\u00f3n de los niveles de satisfacci\u00f3n por parte de los propios ciudadanos.<br \/><br \/>Tambi\u00e9n destac\u00f3 que los fisioterapeutas son los profesionales de elecci\u00f3n para solucionar los problemas del sistema de movimiento y la funcionalidad, y de esta forma tambi\u00e9n contribuyen a reducir los costes sanitarios y el impacto econ\u00f3mico y social de las enfermedades. Para el presidente, \"es imprescindible actuar de forma preventiva\".<br \/>La ceremonia finaliz\u00f3 con la presencia y el discurso del Subsecretario de Estado de Sanidad, Dr. Ant\u00f3nio Lacerda Sales, en representaci\u00f3n de la Dra. Marta Temido, Ministra de Sanidad.<br \/><br \/>En su discurso, destac\u00f3 la contribuci\u00f3n de la Orden a \"la prestaci\u00f3n de cuidados de fisioterapia con calidad, seguridad y buenos resultados por profesionales certificados y competentes\". \"Su prioridad debe ser, en efecto, defender los derechos fundamentales de los ciudadanos y salvaguardar el inter\u00e9s p\u00fablico resistiendo a las tentaciones corporativas de sindicaci\u00f3n\". La nueva Orden es a\u00fan \"m\u00e1s importante\" si tenemos en cuenta que la fisioterapia es una de las profesiones m\u00e1s representadas en la prestaci\u00f3n de asistencia sanitaria, con m\u00e1s de 14.000 profesionales en Portugal, subray\u00f3 en su discurso.<br \/><br \/>El acto finaliz\u00f3 con un breve momento de confraternizaci\u00f3n acompa\u00f1ado de un C\u00f3ctel de Honor.<br \/><br \/>Siga el evento en la galer\u00eda de fotos\u00a0<span style=\"text-decoration: underline;\"><a href=\"https:\/\/staging.ordemdosfisioterapeutas.pt\/es\/eleicoes\/tomada-de-posse\/\">aqu\u00ed<\/a><\/span><br \/><br \/>Tambi\u00e9n puede ver o revisar la pel\u00edcula del acto\u00a0<a href=\"https:\/\/youtu.be\/DgCcsAbiroA\"><span style=\"text-decoration: underline;\">aqu\u00ed<\/span>\u00a0<\/a><\/p>\t\t\t\t\t\t\t\t<\/div>\n\t\t\t\t<\/div>\n\t\t\t\t\t<\/div>\n\t\t<\/div>\n\t\t\t\t\t<\/div>\n\t\t<\/section>\n\t\t\t\t<\/div>","protected":false},"excerpt":{"rendered":"<p>La ceremonia oficial de inauguraci\u00f3n de los primeros \u00f3rganos estatutarios de la Orden de Fisioterapeutas tuvo lugar el 14 de diciembre de 2021 en el Audit\u00f3rio de la Ordem dos Contabilistas Certificados, en Lisboa.<\/p>","protected":false},"author":1,"featured_media":3697,"comment_status":"closed","ping_status":"open","sticky":false,"template":"","format":"standard","meta":{"footnotes":""},"categories":[13],"tags":[],"class_list":["post-3696","post","type-post","status-publish","format-standard","has-post-thumbnail","hentry","category-noticias"],"_links":{"self":[{"href":"https:\/\/staging.ordemdosfisioterapeutas.pt\/es\/wp-json\/wp\/v2\/posts\/3696","targetHints":{"allow":["GET"]}}],"collection":[{"href":"https:\/\/staging.ordemdosfisioterapeutas.pt\/es\/wp-json\/wp\/v2\/posts"}],"about":[{"href":"https:\/\/staging.ordemdosfisioterapeutas.pt\/es\/wp-json\/wp\/v2\/types\/post"}],"author":[{"embeddable":true,"href":"https:\/\/staging.ordemdosfisioterapeutas.pt\/es\/wp-json\/wp\/v2\/users\/1"}],"replies":[{"embeddable":true,"href":"https:\/\/staging.ordemdosfisioterapeutas.pt\/es\/wp-json\/wp\/v2\/comments?post=3696"}],"version-history":[{"count":0,"href":"https:\/\/staging.ordemdosfisioterapeutas.pt\/es\/wp-json\/wp\/v2\/posts\/3696\/revisions"}],"wp:featuredmedia":[{"embeddable":true,"href":"https:\/\/staging.ordemdosfisioterapeutas.pt\/es\/wp-json\/wp\/v2\/media\/3697"}],"wp:attachment":[{"href":"https:\/\/staging.ordemdosfisioterapeutas.pt\/es\/wp-json\/wp\/v2\/media?parent=3696"}],"wp:term":[{"taxonomy":"category","embeddable":true,"href":"https:\/\/staging.ordemdosfisioterapeutas.pt\/es\/wp-json\/wp\/v2\/categories?post=3696"},{"taxonomy":"post_tag","embeddable":true,"href":"https:\/\/staging.ordemdosfisioterapeutas.pt\/es\/wp-json\/wp\/v2\/tags?post=3696"}],"curies":[{"name":"wp","href":"https:\/\/api.w.org\/{rel}","templated":true}]}}