{"id":3726,"date":"2021-12-22T19:17:49","date_gmt":"2021-12-22T19:17:49","guid":{"rendered":"https:\/\/staging.ordemdosfisioterapeutas.pt\/?p=3726"},"modified":"2021-12-22T19:19:02","modified_gmt":"2021-12-22T19:19:02","slug":"emissao-de-cedula-informacao-aos-membros-da-ordem","status":"publish","type":"post","link":"https:\/\/staging.ordemdosfisioterapeutas.pt\/es\/noticias\/emissao-de-cedula-informacao-aos-membros-da-ordem\/","title":{"rendered":"Emisi\u00f3n de C\u00e9dula - Informaci\u00f3n a los miembros de la Orden"},"content":{"rendered":"<div data-elementor-type=\"wp-post\" data-elementor-id=\"3726\" class=\"elementor elementor-3726\" data-elementor-post-type=\"post\">\n\t\t\t\t\t\t<section class=\"elementor-section elementor-top-section elementor-element elementor-element-57869aa elementor-section-boxed elementor-section-height-default elementor-section-height-default\" data-id=\"57869aa\" data-element_type=\"section\" data-e-type=\"section\">\n\t\t\t\t\t\t<div class=\"elementor-container elementor-column-gap-default\">\n\t\t\t\t\t<div class=\"elementor-column elementor-col-100 elementor-top-column elementor-element elementor-element-c447caa\" data-id=\"c447caa\" data-element_type=\"column\" data-e-type=\"column\">\n\t\t\t<div class=\"elementor-widget-wrap elementor-element-populated\">\n\t\t\t\t\t\t<div class=\"elementor-element elementor-element-efec82f elementor-widget elementor-widget-text-editor\" data-id=\"efec82f\" data-element_type=\"widget\" data-e-type=\"widget\" data-widget_type=\"text-editor.default\">\n\t\t\t\t<div class=\"elementor-widget-container\">\n\t\t\t\t\t\t\t\t\t<p>Ante el retraso en el env\u00edo de la c\u00e9dula y las pegatinas identificativas, el Colegio de Fisioterapeutas est\u00e1 haciendo balance para aclarar la situaci\u00f3n a sus colegiados:<\/p><p>Nos gustar\u00eda informarle de que el proceso de consulta a diversas organizaciones, el cumplimiento de los requisitos de contrataci\u00f3n p\u00fablica y, sobre todo, la b\u00fasqueda de una empresa que se responsabilice de todo el proceso a un coste aceptable, ha resultado todo un reto. Dado que la Comisi\u00f3n de Instalaci\u00f3n ha concluido su mandato, ser\u00e1 la Junta electa de la Orden la que reanude estas negociaciones, inform\u00e1ndose previamente de los esfuerzos ya realizados.<\/p><p>De este modo, se renovar\u00e1n las declaraciones de inscripci\u00f3n en la Orden, que sustituyen temporalmente a la tarjeta profesional. Este documento acreditativo de la renovaci\u00f3n le ser\u00e1 remitido en breve por correo electr\u00f3nico. De este modo, su solicitud de inscripci\u00f3n seguir\u00e1 siendo efectiva.<\/p><p>Agradecemos a todos su comprensi\u00f3n y la Orden de Fisioterapeutas est\u00e1 a su disposici\u00f3n para cualquier aclaraci\u00f3n.<\/p>\t\t\t\t\t\t\t\t<\/div>\n\t\t\t\t<\/div>\n\t\t\t\t\t<\/div>\n\t\t<\/div>\n\t\t\t\t\t<\/div>\n\t\t<\/section>\n\t\t\t\t<\/div>","protected":false},"excerpt":{"rendered":"<p>Debido al retraso en el env\u00edo de la c\u00e9dula y de las pegatinas identificativas, la Orden de Fisioterapeutas informa de la situaci\u00f3n para la aclaraci\u00f3n de sus colegiados.<\/p>","protected":false},"author":1,"featured_media":3727,"comment_status":"closed","ping_status":"open","sticky":false,"template":"","format":"standard","meta":{"footnotes":""},"categories":[13],"tags":[],"class_list":["post-3726","post","type-post","status-publish","format-standard","has-post-thumbnail","hentry","category-noticias"],"_links":{"self":[{"href":"https:\/\/staging.ordemdosfisioterapeutas.pt\/es\/wp-json\/wp\/v2\/posts\/3726","targetHints":{"allow":["GET"]}}],"collection":[{"href":"https:\/\/staging.ordemdosfisioterapeutas.pt\/es\/wp-json\/wp\/v2\/posts"}],"about":[{"href":"https:\/\/staging.ordemdosfisioterapeutas.pt\/es\/wp-json\/wp\/v2\/types\/post"}],"author":[{"embeddable":true,"href":"https:\/\/staging.ordemdosfisioterapeutas.pt\/es\/wp-json\/wp\/v2\/users\/1"}],"replies":[{"embeddable":true,"href":"https:\/\/staging.ordemdosfisioterapeutas.pt\/es\/wp-json\/wp\/v2\/comments?post=3726"}],"version-history":[{"count":0,"href":"https:\/\/staging.ordemdosfisioterapeutas.pt\/es\/wp-json\/wp\/v2\/posts\/3726\/revisions"}],"wp:featuredmedia":[{"embeddable":true,"href":"https:\/\/staging.ordemdosfisioterapeutas.pt\/es\/wp-json\/wp\/v2\/media\/3727"}],"wp:attachment":[{"href":"https:\/\/staging.ordemdosfisioterapeutas.pt\/es\/wp-json\/wp\/v2\/media?parent=3726"}],"wp:term":[{"taxonomy":"category","embeddable":true,"href":"https:\/\/staging.ordemdosfisioterapeutas.pt\/es\/wp-json\/wp\/v2\/categories?post=3726"},{"taxonomy":"post_tag","embeddable":true,"href":"https:\/\/staging.ordemdosfisioterapeutas.pt\/es\/wp-json\/wp\/v2\/tags?post=3726"}],"curies":[{"name":"wp","href":"https:\/\/api.w.org\/{rel}","templated":true}]}}