{"id":3740,"date":"2021-12-23T16:28:29","date_gmt":"2021-12-23T16:28:29","guid":{"rendered":"https:\/\/staging.ordemdosfisioterapeutas.pt\/?p=3740"},"modified":"2021-12-23T16:29:07","modified_gmt":"2021-12-23T16:29:07","slug":"direcao-da-ordem-ratificada-em-reuniao-do-conselho-geral","status":"publish","type":"post","link":"https:\/\/staging.ordemdosfisioterapeutas.pt\/es\/noticias\/direcao-da-ordem-ratificada-em-reuniao-do-conselho-geral\/","title":{"rendered":"Direcci\u00f3n de la Orden ratificada en reuni\u00f3n del Consejo General"},"content":{"rendered":"<div data-elementor-type=\"wp-post\" data-elementor-id=\"3740\" class=\"elementor elementor-3740\" data-elementor-post-type=\"post\">\n\t\t\t\t\t\t<section class=\"elementor-section elementor-top-section elementor-element elementor-element-a64df80 elementor-section-boxed elementor-section-height-default elementor-section-height-default\" data-id=\"a64df80\" data-element_type=\"section\" data-e-type=\"section\">\n\t\t\t\t\t\t<div class=\"elementor-container elementor-column-gap-default\">\n\t\t\t\t\t<div class=\"elementor-column elementor-col-100 elementor-top-column elementor-element elementor-element-b218086\" data-id=\"b218086\" data-element_type=\"column\" data-e-type=\"column\">\n\t\t\t<div class=\"elementor-widget-wrap elementor-element-populated\">\n\t\t\t\t\t\t<div class=\"elementor-element elementor-element-ecf5e7f elementor-widget elementor-widget-text-editor\" data-id=\"ecf5e7f\" data-element_type=\"widget\" data-e-type=\"widget\" data-widget_type=\"text-editor.default\">\n\t\t\t\t<div class=\"elementor-widget-container\">\n\t\t\t\t\t\t\t\t\t<p>El 21 de diciembre de 2021 tuvo lugar la reuni\u00f3n del Consejo General de la Orden de Fisioterapeutas en la que, en los t\u00e9rminos del art\u00edculo 25 de los Estatutos de la Orden, se evalu\u00f3 y ratific\u00f3 la Junta Directiva nombrada por el Presidente de la Orden, Prof. Ant\u00f3nio Manuel Fernandes Lopes.<\/p><p>El consejo est\u00e1 compuesto por Ant\u00f3nio Manuel Fernandes Lopes (Presidente), Nuno do Carmo Antunes Cordeiro (Vicepresidente 1\u00ba), Maria da Concei\u00e7\u00e3o Mada\u00edl Caldeira Bettencourt (Vicepresidenta 2\u00aa), Pedro Jorge Lapa Rebelo (Vocal), F\u00e1tima Esteves Domingues (Vocal), Ana Sofia Gouveia Gon\u00e7alves (Vocal) y Afonso Neutel (Vocal).<\/p>\t\t\t\t\t\t\t\t<\/div>\n\t\t\t\t<\/div>\n\t\t\t\t\t<\/div>\n\t\t<\/div>\n\t\t\t\t\t<\/div>\n\t\t<\/section>\n\t\t\t\t<\/div>","protected":false},"excerpt":{"rendered":"<p>El 21 de diciembre de 2021 tuvo lugar la reuni\u00f3n del Consejo General de la Orden de Fisioterapeutas en la que, en los t\u00e9rminos del art\u00edculo 25 de los Estatutos de la Orden, se evalu\u00f3 y ratific\u00f3 la Junta Directiva nombrada por el Presidente de la Orden, Prof. Ant\u00f3nio Manuel Fernandes Lopes.<\/p>","protected":false},"author":1,"featured_media":3741,"comment_status":"closed","ping_status":"open","sticky":false,"template":"","format":"standard","meta":{"footnotes":""},"categories":[13],"tags":[],"class_list":["post-3740","post","type-post","status-publish","format-standard","has-post-thumbnail","hentry","category-noticias"],"_links":{"self":[{"href":"https:\/\/staging.ordemdosfisioterapeutas.pt\/es\/wp-json\/wp\/v2\/posts\/3740","targetHints":{"allow":["GET"]}}],"collection":[{"href":"https:\/\/staging.ordemdosfisioterapeutas.pt\/es\/wp-json\/wp\/v2\/posts"}],"about":[{"href":"https:\/\/staging.ordemdosfisioterapeutas.pt\/es\/wp-json\/wp\/v2\/types\/post"}],"author":[{"embeddable":true,"href":"https:\/\/staging.ordemdosfisioterapeutas.pt\/es\/wp-json\/wp\/v2\/users\/1"}],"replies":[{"embeddable":true,"href":"https:\/\/staging.ordemdosfisioterapeutas.pt\/es\/wp-json\/wp\/v2\/comments?post=3740"}],"version-history":[{"count":0,"href":"https:\/\/staging.ordemdosfisioterapeutas.pt\/es\/wp-json\/wp\/v2\/posts\/3740\/revisions"}],"wp:featuredmedia":[{"embeddable":true,"href":"https:\/\/staging.ordemdosfisioterapeutas.pt\/es\/wp-json\/wp\/v2\/media\/3741"}],"wp:attachment":[{"href":"https:\/\/staging.ordemdosfisioterapeutas.pt\/es\/wp-json\/wp\/v2\/media?parent=3740"}],"wp:term":[{"taxonomy":"category","embeddable":true,"href":"https:\/\/staging.ordemdosfisioterapeutas.pt\/es\/wp-json\/wp\/v2\/categories?post=3740"},{"taxonomy":"post_tag","embeddable":true,"href":"https:\/\/staging.ordemdosfisioterapeutas.pt\/es\/wp-json\/wp\/v2\/tags?post=3740"}],"curies":[{"name":"wp","href":"https:\/\/api.w.org\/{rel}","templated":true}]}}