{"id":4051,"date":"2022-03-06T16:16:53","date_gmt":"2022-03-06T16:16:53","guid":{"rendered":"https:\/\/staging.ordemdosfisioterapeutas.pt\/?p=4051"},"modified":"2022-03-06T16:17:34","modified_gmt":"2022-03-06T16:17:34","slug":"programa-nacional-prevencao-da-violencia-no-ciclo-de-vida","status":"publish","type":"post","link":"https:\/\/staging.ordemdosfisioterapeutas.pt\/es\/noticias\/programa-nacional-prevencao-da-violencia-no-ciclo-de-vida\/","title":{"rendered":"Programa Nacional de Prevenci\u00f3n de la Violencia en el Ciclo Vital"},"content":{"rendered":"<div data-elementor-type=\"wp-post\" data-elementor-id=\"4051\" class=\"elementor elementor-4051\" data-elementor-post-type=\"post\">\n\t\t\t\t\t\t<section class=\"elementor-section elementor-top-section elementor-element elementor-element-7d7caca elementor-section-boxed elementor-section-height-default elementor-section-height-default\" data-id=\"7d7caca\" data-element_type=\"section\" data-e-type=\"section\">\n\t\t\t\t\t\t<div class=\"elementor-container elementor-column-gap-default\">\n\t\t\t\t\t<div class=\"elementor-column elementor-col-100 elementor-top-column elementor-element elementor-element-6f3f49c\" data-id=\"6f3f49c\" data-element_type=\"column\" data-e-type=\"column\">\n\t\t\t<div class=\"elementor-widget-wrap elementor-element-populated\">\n\t\t\t\t\t\t<div class=\"elementor-element elementor-element-f64949c elementor-widget elementor-widget-text-editor\" data-id=\"f64949c\" data-element_type=\"widget\" data-e-type=\"widget\" data-widget_type=\"text-editor.default\">\n\t\t\t\t<div class=\"elementor-widget-container\">\n\t\t\t\t\t\t\t\t\t<p>\"Existen pocos estudios de investigaci\u00f3n sobre la violencia espec\u00edficamente relacionada con los fisioterapeutas, tanto en Portugal como en el extranjero. Pero eso no significa que no sea un \u00e1rea de preocupaci\u00f3n para la Orden, porque la naturaleza del modelo de intervenci\u00f3n de los fisioterapeutas y los contextos en los que trabajan exponen a los profesionales, y tambi\u00e9n a los estudiantes, a claras y frecuentes situaciones de riesgo. \"<\/p><p>Vea la participaci\u00f3n del Presidente de la Orden de Fisioterapeutas, Ant\u00f3nio Lopes, en la presentaci\u00f3n p\u00fablica del Plan de Acci\u00f3n para la Prevenci\u00f3n de la Violencia en el Sector Sanitario (PAPVSS), promovido por la Direcci\u00f3n General de Salud.\u00a0<\/p><p>La sesi\u00f3n completa est\u00e1 disponible aqu\u00ed:<\/p><p><span style=\"text-decoration: underline;\"><a href=\"https:\/\/l.facebook.com\/l.php?u=https%3A%2F%2Fbit.ly%2FOF_no_PAPVSS%3Ffbclid%3DIwAR38roWV0-g-XoDhEmIWjsb_Z34I4jg8uOlQN4didbSocy28T15juAYO8oA&amp;h=AT0d7Asc2xDVUPr5WrTXrzDugXamdYkamJRSuABrYvs7ztnNqTqIamWSek7rslaQkda0XeRtFcxOdvO-hMRHoZX43ejL1elNut3jENIi7TNKPD79UrD2BtGlvlCDnc_gal9G&amp;__tn__=-UK-R&amp;c%5b0%5d=AT0Lmaimh3vnYPg5tK2iJbo6Sbw97wYejyBlEFfr1RtVUUR6_O-K-kYN9K3kr2p5uFLNa5fZjBMtV9DseF7-d48ONSPlUiP79RMEmiWnjQw_46uV-m3AGgRIDYaIYEcxof7i8dnpzdnKjLqKEZkFEuGUiJwSVnu_1LUwyBpol0em2Fzg-5dAOCFiFugMDn0LmYao2g\">https:\/\/bit.ly\/OF_no_PAPVSS<\/a><\/span><\/p>\t\t\t\t\t\t\t\t<\/div>\n\t\t\t\t<\/div>\n\t\t\t\t\t<\/div>\n\t\t<\/div>\n\t\t\t\t\t<\/div>\n\t\t<\/section>\n\t\t\t\t<\/div>","protected":false},"excerpt":{"rendered":"<p>Hay pocos estudios de investigaci\u00f3n sobre la violencia relacionada espec\u00edficamente con los fisioterapeutas, tanto en Portugal como en el extranjero<\/p>","protected":false},"author":1,"featured_media":4052,"comment_status":"closed","ping_status":"open","sticky":false,"template":"","format":"standard","meta":{"footnotes":""},"categories":[13],"tags":[],"class_list":["post-4051","post","type-post","status-publish","format-standard","has-post-thumbnail","hentry","category-noticias"],"_links":{"self":[{"href":"https:\/\/staging.ordemdosfisioterapeutas.pt\/es\/wp-json\/wp\/v2\/posts\/4051","targetHints":{"allow":["GET"]}}],"collection":[{"href":"https:\/\/staging.ordemdosfisioterapeutas.pt\/es\/wp-json\/wp\/v2\/posts"}],"about":[{"href":"https:\/\/staging.ordemdosfisioterapeutas.pt\/es\/wp-json\/wp\/v2\/types\/post"}],"author":[{"embeddable":true,"href":"https:\/\/staging.ordemdosfisioterapeutas.pt\/es\/wp-json\/wp\/v2\/users\/1"}],"replies":[{"embeddable":true,"href":"https:\/\/staging.ordemdosfisioterapeutas.pt\/es\/wp-json\/wp\/v2\/comments?post=4051"}],"version-history":[{"count":0,"href":"https:\/\/staging.ordemdosfisioterapeutas.pt\/es\/wp-json\/wp\/v2\/posts\/4051\/revisions"}],"wp:featuredmedia":[{"embeddable":true,"href":"https:\/\/staging.ordemdosfisioterapeutas.pt\/es\/wp-json\/wp\/v2\/media\/4052"}],"wp:attachment":[{"href":"https:\/\/staging.ordemdosfisioterapeutas.pt\/es\/wp-json\/wp\/v2\/media?parent=4051"}],"wp:term":[{"taxonomy":"category","embeddable":true,"href":"https:\/\/staging.ordemdosfisioterapeutas.pt\/es\/wp-json\/wp\/v2\/categories?post=4051"},{"taxonomy":"post_tag","embeddable":true,"href":"https:\/\/staging.ordemdosfisioterapeutas.pt\/es\/wp-json\/wp\/v2\/tags?post=4051"}],"curies":[{"name":"wp","href":"https:\/\/api.w.org\/{rel}","templated":true}]}}