{"id":4076,"date":"2022-03-06T16:59:26","date_gmt":"2022-03-06T16:59:26","guid":{"rendered":"https:\/\/staging.ordemdosfisioterapeutas.pt\/?p=4076"},"modified":"2022-03-06T16:59:58","modified_gmt":"2022-03-06T16:59:58","slug":"reuniao-com-a-ordre-des-masseurs-kinesitherapeutes","status":"publish","type":"post","link":"https:\/\/staging.ordemdosfisioterapeutas.pt\/es\/noticias\/reuniao-com-a-ordre-des-masseurs-kinesitherapeutes\/","title":{"rendered":"Reuni\u00f3n con la Ordre des masseurs-kin\u00e9sith\u00e9rapeutes"},"content":{"rendered":"<div data-elementor-type=\"wp-post\" data-elementor-id=\"4076\" class=\"elementor elementor-4076\" data-elementor-post-type=\"post\">\n\t\t\t\t\t\t<section class=\"elementor-section elementor-top-section elementor-element elementor-element-fcb857a elementor-section-boxed elementor-section-height-default elementor-section-height-default\" data-id=\"fcb857a\" data-element_type=\"section\" data-e-type=\"section\">\n\t\t\t\t\t\t<div class=\"elementor-container elementor-column-gap-default\">\n\t\t\t\t\t<div class=\"elementor-column elementor-col-100 elementor-top-column elementor-element elementor-element-49f5d8c\" data-id=\"49f5d8c\" data-element_type=\"column\" data-e-type=\"column\">\n\t\t\t<div class=\"elementor-widget-wrap elementor-element-populated\">\n\t\t\t\t\t\t<div class=\"elementor-element elementor-element-31543b0 elementor-widget elementor-widget-text-editor\" data-id=\"31543b0\" data-element_type=\"widget\" data-e-type=\"widget\" data-widget_type=\"text-editor.default\">\n\t\t\t\t<div class=\"elementor-widget-container\">\n\t\t\t\t\t\t\t\t\t<p>La Orden de Fisioterapeutas se reuni\u00f3 con la Ordre des masseurs-kin\u00e9sith\u00e9rapeutes (OF francesa) que, en el marco de la presidencia rotatoria de la Comunidad Europea, quiso sondear a entidades similares de otros Estados miembros sobre la creaci\u00f3n de un Marco Com\u00fan de Formaci\u00f3n para fisioterapeutas.<\/p><p>Con este marco, habr\u00e1 una armonizaci\u00f3n m\u00ednima esencial, que facilitar\u00e1 mucho el reconocimiento de las cualificaciones cuando un profesional quiera ejercer en otro Estado miembro, evitando, por ejemplo, tener que llevar a cabo medidas compensatorias para ser autorizado a ejercer en ese pa\u00eds.<\/p><p>Actualmente, el proceso de movilidad de los fisioterapeutas, incluso en el marco de la tarjeta profesional europea, se decide caso por caso en funci\u00f3n de la formaci\u00f3n que tenga el candidato a la movilidad, ya que la formaci\u00f3n difiere de un pa\u00eds a otro, e incluso dentro de un mismo pa\u00eds.<\/p><p>El Colegio de Fisioterapeutas, como autoridad competente para el reconocimiento de los diplomas europeos para el ejercicio profesional en Portugal, ha manifestado su voluntad de colaborar en esta iniciativa.<\/p>\t\t\t\t\t\t\t\t<\/div>\n\t\t\t\t<\/div>\n\t\t\t\t\t<\/div>\n\t\t<\/div>\n\t\t\t\t\t<\/div>\n\t\t<\/section>\n\t\t\t\t<\/div>","protected":false},"excerpt":{"rendered":"<p>La Orden de Fisioterapeutas se reuni\u00f3 con la Ordre des masseurs-kin\u00e9sith\u00e9rapeutes (OF francesa) que, en el marco de la presidencia rotatoria de la Comunidad Europea, quiso sondear a entidades similares de otros Estados miembros sobre la creaci\u00f3n de un Marco Com\u00fan de Formaci\u00f3n para fisioterapeutas.<\/p>","protected":false},"author":1,"featured_media":4077,"comment_status":"closed","ping_status":"open","sticky":false,"template":"","format":"standard","meta":{"footnotes":""},"categories":[13],"tags":[],"class_list":["post-4076","post","type-post","status-publish","format-standard","has-post-thumbnail","hentry","category-noticias"],"_links":{"self":[{"href":"https:\/\/staging.ordemdosfisioterapeutas.pt\/es\/wp-json\/wp\/v2\/posts\/4076","targetHints":{"allow":["GET"]}}],"collection":[{"href":"https:\/\/staging.ordemdosfisioterapeutas.pt\/es\/wp-json\/wp\/v2\/posts"}],"about":[{"href":"https:\/\/staging.ordemdosfisioterapeutas.pt\/es\/wp-json\/wp\/v2\/types\/post"}],"author":[{"embeddable":true,"href":"https:\/\/staging.ordemdosfisioterapeutas.pt\/es\/wp-json\/wp\/v2\/users\/1"}],"replies":[{"embeddable":true,"href":"https:\/\/staging.ordemdosfisioterapeutas.pt\/es\/wp-json\/wp\/v2\/comments?post=4076"}],"version-history":[{"count":0,"href":"https:\/\/staging.ordemdosfisioterapeutas.pt\/es\/wp-json\/wp\/v2\/posts\/4076\/revisions"}],"wp:featuredmedia":[{"embeddable":true,"href":"https:\/\/staging.ordemdosfisioterapeutas.pt\/es\/wp-json\/wp\/v2\/media\/4077"}],"wp:attachment":[{"href":"https:\/\/staging.ordemdosfisioterapeutas.pt\/es\/wp-json\/wp\/v2\/media?parent=4076"}],"wp:term":[{"taxonomy":"category","embeddable":true,"href":"https:\/\/staging.ordemdosfisioterapeutas.pt\/es\/wp-json\/wp\/v2\/categories?post=4076"},{"taxonomy":"post_tag","embeddable":true,"href":"https:\/\/staging.ordemdosfisioterapeutas.pt\/es\/wp-json\/wp\/v2\/tags?post=4076"}],"curies":[{"name":"wp","href":"https:\/\/api.w.org\/{rel}","templated":true}]}}