{"id":4091,"date":"2022-03-06T17:08:05","date_gmt":"2022-03-06T17:08:05","guid":{"rendered":"https:\/\/staging.ordemdosfisioterapeutas.pt\/?p=4091"},"modified":"2022-03-06T17:09:34","modified_gmt":"2022-03-06T17:09:34","slug":"reuniao-com-a-atarp","status":"publish","type":"post","link":"https:\/\/staging.ordemdosfisioterapeutas.pt\/es\/noticias\/reuniao-com-a-atarp\/","title":{"rendered":"Reuni\u00f3n con la ATARP"},"content":{"rendered":"<div data-elementor-type=\"wp-post\" data-elementor-id=\"4091\" class=\"elementor elementor-4091\" data-elementor-post-type=\"post\">\n\t\t\t\t\t\t<section class=\"elementor-section elementor-top-section elementor-element elementor-element-804e68e elementor-section-boxed elementor-section-height-default elementor-section-height-default\" data-id=\"804e68e\" data-element_type=\"section\" data-e-type=\"section\">\n\t\t\t\t\t\t<div class=\"elementor-container elementor-column-gap-default\">\n\t\t\t\t\t<div class=\"elementor-column elementor-col-100 elementor-top-column elementor-element elementor-element-2163de7\" data-id=\"2163de7\" data-element_type=\"column\" data-e-type=\"column\">\n\t\t\t<div class=\"elementor-widget-wrap elementor-element-populated\">\n\t\t\t\t\t\t<div class=\"elementor-element elementor-element-33f37d2 elementor-widget elementor-widget-text-editor\" data-id=\"33f37d2\" data-element_type=\"widget\" data-e-type=\"widget\" data-widget_type=\"text-editor.default\">\n\t\t\t\t<div class=\"elementor-widget-container\">\n\t\t\t\t\t\t\t\t\t<p>La Orden de Fisioterapeutas de Portugal se re\u00fane con la Asociaci\u00f3n Portuguesa de T\u00e9cnicos de Radiolog\u00eda, Radioterapia y Medicina Nuclear (ATARP).<\/p><p>El presidente de la Orden de Fisioterapeutas, Ant\u00f3nio Lopes, junto con el vicepresidente Nuno Cordeiro y el miembro del consejo Afonso Neutel se reunieron con el presidente de la ATARP, Altino Cunha, y su vicepresidenta, Rute Santos. Los temas tratados fueron el futuro de las profesiones que representan.<\/p><p>Para la OF, la \"interconexi\u00f3n profesional entre la fisioterapia y las profesiones representadas por la ATARP fue el punto de partida para analizar posibles asociaciones y colaboraciones entre ambas entidades\". El \"papel del fisioterapeuta y su relaci\u00f3n con las diferentes \u00e1reas en el campo de la imagen y la ecograf\u00eda\" fueron otros de los temas tratados en la reuni\u00f3n.<\/p><p>Tambi\u00e9n hablaron de las \"posibilidades de colaboraci\u00f3n\" que permitir\u00edan al Colegio de Fisioterapeutas y a la ATARP colaborar estrechamente para proteger a los ciudadanos que utilizan los servicios sanitarios.<\/p>\t\t\t\t\t\t\t\t<\/div>\n\t\t\t\t<\/div>\n\t\t\t\t\t<\/div>\n\t\t<\/div>\n\t\t\t\t\t<\/div>\n\t\t<\/section>\n\t\t\t\t<\/div>","protected":false},"excerpt":{"rendered":"<p>La Orden de Fisioterapeutas de Portugal se re\u00fane con la Asociaci\u00f3n Portuguesa de T\u00e9cnicos de Radiolog\u00eda, Radioterapia y Medicina Nuclear (ATARP).<\/p>","protected":false},"author":1,"featured_media":4092,"comment_status":"closed","ping_status":"open","sticky":false,"template":"","format":"standard","meta":{"footnotes":""},"categories":[13],"tags":[],"class_list":["post-4091","post","type-post","status-publish","format-standard","has-post-thumbnail","hentry","category-noticias"],"_links":{"self":[{"href":"https:\/\/staging.ordemdosfisioterapeutas.pt\/es\/wp-json\/wp\/v2\/posts\/4091","targetHints":{"allow":["GET"]}}],"collection":[{"href":"https:\/\/staging.ordemdosfisioterapeutas.pt\/es\/wp-json\/wp\/v2\/posts"}],"about":[{"href":"https:\/\/staging.ordemdosfisioterapeutas.pt\/es\/wp-json\/wp\/v2\/types\/post"}],"author":[{"embeddable":true,"href":"https:\/\/staging.ordemdosfisioterapeutas.pt\/es\/wp-json\/wp\/v2\/users\/1"}],"replies":[{"embeddable":true,"href":"https:\/\/staging.ordemdosfisioterapeutas.pt\/es\/wp-json\/wp\/v2\/comments?post=4091"}],"version-history":[{"count":0,"href":"https:\/\/staging.ordemdosfisioterapeutas.pt\/es\/wp-json\/wp\/v2\/posts\/4091\/revisions"}],"wp:featuredmedia":[{"embeddable":true,"href":"https:\/\/staging.ordemdosfisioterapeutas.pt\/es\/wp-json\/wp\/v2\/media\/4092"}],"wp:attachment":[{"href":"https:\/\/staging.ordemdosfisioterapeutas.pt\/es\/wp-json\/wp\/v2\/media?parent=4091"}],"wp:term":[{"taxonomy":"category","embeddable":true,"href":"https:\/\/staging.ordemdosfisioterapeutas.pt\/es\/wp-json\/wp\/v2\/categories?post=4091"},{"taxonomy":"post_tag","embeddable":true,"href":"https:\/\/staging.ordemdosfisioterapeutas.pt\/es\/wp-json\/wp\/v2\/tags?post=4091"}],"curies":[{"name":"wp","href":"https:\/\/api.w.org\/{rel}","templated":true}]}}