{"id":4229,"date":"2022-03-21T17:22:53","date_gmt":"2022-03-21T17:22:53","guid":{"rendered":"https:\/\/staging.ordemdosfisioterapeutas.pt\/?p=4229"},"modified":"2022-03-21T17:25:25","modified_gmt":"2022-03-21T17:25:25","slug":"inauguracao-do-laboratorio-lafffi","status":"publish","type":"post","link":"https:\/\/staging.ordemdosfisioterapeutas.pt\/es\/noticias\/inauguracao-do-laboratorio-lafffi\/","title":{"rendered":"Inauguraci\u00f3n del laboratorio LAFFFI"},"content":{"rendered":"<div data-elementor-type=\"wp-post\" data-elementor-id=\"4229\" class=\"elementor elementor-4229\" data-elementor-post-type=\"post\">\n\t\t\t\t\t\t<section class=\"elementor-section elementor-top-section elementor-element elementor-element-78d71c5 elementor-section-boxed elementor-section-height-default elementor-section-height-default\" data-id=\"78d71c5\" data-element_type=\"section\" data-e-type=\"section\">\n\t\t\t\t\t\t<div class=\"elementor-container elementor-column-gap-default\">\n\t\t\t\t\t<div class=\"elementor-column elementor-col-100 elementor-top-column elementor-element elementor-element-7169787\" data-id=\"7169787\" data-element_type=\"column\" data-e-type=\"column\">\n\t\t\t<div class=\"elementor-widget-wrap elementor-element-populated\">\n\t\t\t\t\t\t<div class=\"elementor-element elementor-element-221ca45 elementor-widget elementor-widget-text-editor\" data-id=\"221ca45\" data-element_type=\"widget\" data-e-type=\"widget\" data-widget_type=\"text-editor.default\">\n\t\t\t\t<div class=\"elementor-widget-container\">\n\t\t\t\t\t\t\t\t\t<p>El 9 de marzo de 2022, la Orden de Fisioterapeutas estuvo presente en la inauguraci\u00f3n del Laboratorio de Evaluaci\u00f3n F\u00edsica y Funcional en Fisioterapia - LAFFFI en la Cooperativa de Ense\u00f1anza Superior Egas Moniz. Este hito estuvo marcado, entre otros, por la presencia del Presidente de la Orden de Fisioterapeutas, Ant\u00f3nio Manuel Fernandes Lopes.<br \/><br \/>El Profesor Jos\u00e9 Jo\u00e3o Mendes, Presidente del Consejo de Administraci\u00f3n de Egas Moniz, destac\u00f3 la importancia de la investigaci\u00f3n en todos los \u00e1mbitos y el largo camino que la instituci\u00f3n ha recorrido y sigue recorriendo en este campo. El profesor Luciano Maia, fundador de este laboratorio, hizo hincapi\u00e9 en todas las colaboraciones que han permitido hacerlo realidad.<br \/><br \/>LAFFFI es un laboratorio de investigaci\u00f3n cuya misi\u00f3n es desarrollar investigaci\u00f3n b\u00e1sica, avanzada y aplicada en disciplinas vinculadas al estudio y la ense\u00f1anza de la fisioterapia y las ciencias biom\u00e9dicas, as\u00ed como otras \u00e1reas cient\u00edficas aplicadas a la salud.<\/p><p>La Orden de Fisioterapeutas desea a LAFFFI mucho \u00e9xito en el futuro.<\/p>\t\t\t\t\t\t\t\t<\/div>\n\t\t\t\t<\/div>\n\t\t\t\t\t<\/div>\n\t\t<\/div>\n\t\t\t\t\t<\/div>\n\t\t<\/section>\n\t\t\t\t<\/div>","protected":false},"excerpt":{"rendered":"<p>La Orden Portuguesa de Fisioterapeutas estuvo presente el 9 de marzo de 2022 en la inauguraci\u00f3n del Laboratorio de Valoraci\u00f3n F\u00edsica y Funcional en Fisioterapia - LAFFFI de la Cooperativa de Ense\u00f1anza Superior Egas Moniz. <\/p>","protected":false},"author":1,"featured_media":4234,"comment_status":"closed","ping_status":"open","sticky":false,"template":"","format":"standard","meta":{"footnotes":""},"categories":[13],"tags":[],"class_list":["post-4229","post","type-post","status-publish","format-standard","has-post-thumbnail","hentry","category-noticias"],"_links":{"self":[{"href":"https:\/\/staging.ordemdosfisioterapeutas.pt\/es\/wp-json\/wp\/v2\/posts\/4229","targetHints":{"allow":["GET"]}}],"collection":[{"href":"https:\/\/staging.ordemdosfisioterapeutas.pt\/es\/wp-json\/wp\/v2\/posts"}],"about":[{"href":"https:\/\/staging.ordemdosfisioterapeutas.pt\/es\/wp-json\/wp\/v2\/types\/post"}],"author":[{"embeddable":true,"href":"https:\/\/staging.ordemdosfisioterapeutas.pt\/es\/wp-json\/wp\/v2\/users\/1"}],"replies":[{"embeddable":true,"href":"https:\/\/staging.ordemdosfisioterapeutas.pt\/es\/wp-json\/wp\/v2\/comments?post=4229"}],"version-history":[{"count":0,"href":"https:\/\/staging.ordemdosfisioterapeutas.pt\/es\/wp-json\/wp\/v2\/posts\/4229\/revisions"}],"wp:featuredmedia":[{"embeddable":true,"href":"https:\/\/staging.ordemdosfisioterapeutas.pt\/es\/wp-json\/wp\/v2\/media\/4234"}],"wp:attachment":[{"href":"https:\/\/staging.ordemdosfisioterapeutas.pt\/es\/wp-json\/wp\/v2\/media?parent=4229"}],"wp:term":[{"taxonomy":"category","embeddable":true,"href":"https:\/\/staging.ordemdosfisioterapeutas.pt\/es\/wp-json\/wp\/v2\/categories?post=4229"},{"taxonomy":"post_tag","embeddable":true,"href":"https:\/\/staging.ordemdosfisioterapeutas.pt\/es\/wp-json\/wp\/v2\/tags?post=4229"}],"curies":[{"name":"wp","href":"https:\/\/api.w.org\/{rel}","templated":true}]}}