{"id":4236,"date":"2022-03-21T17:27:40","date_gmt":"2022-03-21T17:27:40","guid":{"rendered":"https:\/\/staging.ordemdosfisioterapeutas.pt\/?p=4236"},"modified":"2022-03-21T17:28:18","modified_gmt":"2022-03-21T17:28:18","slug":"a-fisioterapia-dira-sempre-presente","status":"publish","type":"post","link":"https:\/\/staging.ordemdosfisioterapeutas.pt\/es\/noticias\/a-fisioterapia-dira-sempre-presente\/","title":{"rendered":"La fisioterapia siempre estar\u00e1 ah\u00ed."},"content":{"rendered":"<div data-elementor-type=\"wp-post\" data-elementor-id=\"4236\" class=\"elementor elementor-4236\" data-elementor-post-type=\"post\">\n\t\t\t\t\t\t<section class=\"elementor-section elementor-top-section elementor-element elementor-element-de2eaf8 elementor-section-boxed elementor-section-height-default elementor-section-height-default\" data-id=\"de2eaf8\" data-element_type=\"section\" data-e-type=\"section\">\n\t\t\t\t\t\t<div class=\"elementor-container elementor-column-gap-default\">\n\t\t\t\t\t<div class=\"elementor-column elementor-col-100 elementor-top-column elementor-element elementor-element-13385fe\" data-id=\"13385fe\" data-element_type=\"column\" data-e-type=\"column\">\n\t\t\t<div class=\"elementor-widget-wrap elementor-element-populated\">\n\t\t\t\t\t\t<div class=\"elementor-element elementor-element-a4a762d elementor-widget elementor-widget-text-editor\" data-id=\"a4a762d\" data-element_type=\"widget\" data-e-type=\"widget\" data-widget_type=\"text-editor.default\">\n\t\t\t\t<div class=\"elementor-widget-container\">\n\t\t\t\t\t\t\t\t\t<p>Con el fin de clarificar y dar a conocer la posici\u00f3n de la Orden de Fisioterapeutas ante la escalada del conflicto en Ucrania, y para prestar mejor la ayuda necesaria, el Consejo de Administraci\u00f3n cre\u00f3 un equipo de trabajo, en el marco de la llamada Comisi\u00f3n T\u00e9cnica de Evaluaci\u00f3n, para evaluar, caso por caso, las solicitudes de fisioterapeutas procedentes de Ucrania en el marco del apoyo que Portugal concede a los refugiados de ese pa\u00eds. La Orden tambi\u00e9n expres\u00f3 su solidaridad con el Presidente de la Asociaci\u00f3n Ucraniana de Fisioterapeutas, Stepan Kobelyev, que nos dio las gracias r\u00e1pidamente.<\/p><p>Por este motivo, difundiremos la informaci\u00f3n necesaria a la comunidad ucraniana, identificando los contactos creados espec\u00edficamente para este fin, utilizando la Embajada de Ucrania, asociaciones y otras organizaciones humanitarias, directamente, a trav\u00e9s de correo electr\u00f3nico, publicaciones en redes sociales y sitios agregadores de ayuda, entre otros.<\/p><p>De este modo, nos aseguramos no s\u00f3lo de que la solicitud de apoyo est\u00e1 relacionada con la cuesti\u00f3n ucraniana, sino tambi\u00e9n de que existe un v\u00ednculo con los fisioterapeutas colegiados y los colegas que reciben las solicitudes realmente destinadas a apoyar a los ciudadanos ucranianos y sus familias.<\/p><p>Por \u00faltimo, \u00a1muchas gracias a todos los fisioterapeutas traductores que aceptaron participar en este esfuerzo de apoyo a la comunidad ucraniana!<\/p><p>\u00a1La fisioterapia siempre estar\u00e1 ah\u00ed cuando se trate de defender los derechos de todos los ciudadanos!<\/p>\t\t\t\t\t\t\t\t<\/div>\n\t\t\t\t<\/div>\n\t\t\t\t\t<\/div>\n\t\t<\/div>\n\t\t\t\t\t<\/div>\n\t\t<\/section>\n\t\t\t\t<\/div>","protected":false},"excerpt":{"rendered":"<p>Para clarificar y dar a conocer la posici\u00f3n del Colegio de Fisioterapeutas ante la escalada del conflicto que se est\u00e1 produciendo en Ucrania, con el fin de prestar la ayuda necesaria, el Consejo cre\u00f3 un equipo de trabajo, dentro del llamado Comit\u00e9 T\u00e9cnico de Evaluaci\u00f3n, para evaluar, caso por caso, las solicitudes de los fisioterapeutas de Ucrania en el marco del apoyo que Portugal presta a los refugiados de ese pa\u00eds. <\/p>","protected":false},"author":1,"featured_media":4237,"comment_status":"closed","ping_status":"open","sticky":false,"template":"","format":"standard","meta":{"footnotes":""},"categories":[13],"tags":[],"class_list":["post-4236","post","type-post","status-publish","format-standard","has-post-thumbnail","hentry","category-noticias"],"_links":{"self":[{"href":"https:\/\/staging.ordemdosfisioterapeutas.pt\/es\/wp-json\/wp\/v2\/posts\/4236","targetHints":{"allow":["GET"]}}],"collection":[{"href":"https:\/\/staging.ordemdosfisioterapeutas.pt\/es\/wp-json\/wp\/v2\/posts"}],"about":[{"href":"https:\/\/staging.ordemdosfisioterapeutas.pt\/es\/wp-json\/wp\/v2\/types\/post"}],"author":[{"embeddable":true,"href":"https:\/\/staging.ordemdosfisioterapeutas.pt\/es\/wp-json\/wp\/v2\/users\/1"}],"replies":[{"embeddable":true,"href":"https:\/\/staging.ordemdosfisioterapeutas.pt\/es\/wp-json\/wp\/v2\/comments?post=4236"}],"version-history":[{"count":0,"href":"https:\/\/staging.ordemdosfisioterapeutas.pt\/es\/wp-json\/wp\/v2\/posts\/4236\/revisions"}],"wp:featuredmedia":[{"embeddable":true,"href":"https:\/\/staging.ordemdosfisioterapeutas.pt\/es\/wp-json\/wp\/v2\/media\/4237"}],"wp:attachment":[{"href":"https:\/\/staging.ordemdosfisioterapeutas.pt\/es\/wp-json\/wp\/v2\/media?parent=4236"}],"wp:term":[{"taxonomy":"category","embeddable":true,"href":"https:\/\/staging.ordemdosfisioterapeutas.pt\/es\/wp-json\/wp\/v2\/categories?post=4236"},{"taxonomy":"post_tag","embeddable":true,"href":"https:\/\/staging.ordemdosfisioterapeutas.pt\/es\/wp-json\/wp\/v2\/tags?post=4236"}],"curies":[{"name":"wp","href":"https:\/\/api.w.org\/{rel}","templated":true}]}}