{"id":4260,"date":"2022-03-30T19:03:24","date_gmt":"2022-03-30T18:03:24","guid":{"rendered":"https:\/\/staging.ordemdosfisioterapeutas.pt\/?p=4260"},"modified":"2022-03-30T19:04:53","modified_gmt":"2022-03-30T18:04:53","slug":"tomada-de-posse-gabinete-de-estudos-e-planeamento-gep","status":"publish","type":"post","link":"https:\/\/staging.ordemdosfisioterapeutas.pt\/es\/noticias\/tomada-de-posse-gabinete-de-estudos-e-planeamento-gep\/","title":{"rendered":"Investidura - Oficina de Planificaci\u00f3n y Estudios (GEP)"},"content":{"rendered":"<div data-elementor-type=\"wp-post\" data-elementor-id=\"4260\" class=\"elementor elementor-4260\" data-elementor-post-type=\"post\">\n\t\t\t\t\t\t<section class=\"elementor-section elementor-top-section elementor-element elementor-element-f77d4ee elementor-section-boxed elementor-section-height-default elementor-section-height-default\" data-id=\"f77d4ee\" data-element_type=\"section\" data-e-type=\"section\">\n\t\t\t\t\t\t<div class=\"elementor-container elementor-column-gap-default\">\n\t\t\t\t\t<div class=\"elementor-column elementor-col-100 elementor-top-column elementor-element elementor-element-42f5bff\" data-id=\"42f5bff\" data-element_type=\"column\" data-e-type=\"column\">\n\t\t\t<div class=\"elementor-widget-wrap elementor-element-populated\">\n\t\t\t\t\t\t<div class=\"elementor-element elementor-element-55677fc elementor-widget elementor-widget-text-editor\" data-id=\"55677fc\" data-element_type=\"widget\" data-e-type=\"widget\" data-widget_type=\"text-editor.default\">\n\t\t\t\t<div class=\"elementor-widget-container\">\n\t\t\t\t\t\t\t\t\t<p>El 29 de marzo entr\u00f3 en funcionamiento el Gabinete de Estudios y Planificaci\u00f3n (GEP) de la Orden, creado seg\u00fan el Plan de Actividades aprobado por el Consejo General.<br \/>La misi\u00f3n y los objetivos del GEP consisten en desarrollar una estructura de apoyo para la realizaci\u00f3n de estudios, en particular estudios de rentabilidad y estudios de evaluaci\u00f3n de los resultados sanitarios y de las pol\u00edticas sanitarias directamente relacionadas con la fisioterapia. La consecuci\u00f3n de estos objetivos ser\u00e1 fundamental para contribuir a la definici\u00f3n, mejora y estructuraci\u00f3n de las estrategias, pol\u00edticas, prioridades y objetivos de la Orden de Fisioterapeutas.<\/p><p>Agradecemos a los fisioterapeutas designados su disponibilidad y compromiso:<br \/>Profesor Eduardo Brazete Cruz (Coordinador) - C\u00e9d n\u00ba 2191;<br \/>Profesora Dra. Cristina J\u00e1come - C\u00e9d n\u00ba 1111;<br \/>Profesor Dr. Fernando Ribeiro - C\u00e9d n\u00ba 2560;\u00a0<br \/><span style=\"color: var( --e-global-color-text ); font-family: var( --e-global-typography-text-font-family ), Sans-serif; font-size: var( --e-global-typography-text-font-size ); font-weight: var( --e-global-typography-text-font-weight );\">Profesor Dr Diogo Pires - C\u00e9d n\u00ba 2420.\u00a0<\/span><\/p>\t\t\t\t\t\t\t\t<\/div>\n\t\t\t\t<\/div>\n\t\t\t\t\t<\/div>\n\t\t<\/div>\n\t\t\t\t\t<\/div>\n\t\t<\/section>\n\t\t\t\t<\/div>","protected":false},"excerpt":{"rendered":"<p>El 29 de marzo entr\u00f3 en funcionamiento el Gabinete de Estudios y Planificaci\u00f3n (GEP) de la Orden, creado seg\u00fan el Plan de Actividades aprobado por el Consejo General.<\/p>","protected":false},"author":1,"featured_media":4261,"comment_status":"closed","ping_status":"open","sticky":false,"template":"","format":"standard","meta":{"footnotes":""},"categories":[13],"tags":[],"class_list":["post-4260","post","type-post","status-publish","format-standard","has-post-thumbnail","hentry","category-noticias"],"_links":{"self":[{"href":"https:\/\/staging.ordemdosfisioterapeutas.pt\/es\/wp-json\/wp\/v2\/posts\/4260","targetHints":{"allow":["GET"]}}],"collection":[{"href":"https:\/\/staging.ordemdosfisioterapeutas.pt\/es\/wp-json\/wp\/v2\/posts"}],"about":[{"href":"https:\/\/staging.ordemdosfisioterapeutas.pt\/es\/wp-json\/wp\/v2\/types\/post"}],"author":[{"embeddable":true,"href":"https:\/\/staging.ordemdosfisioterapeutas.pt\/es\/wp-json\/wp\/v2\/users\/1"}],"replies":[{"embeddable":true,"href":"https:\/\/staging.ordemdosfisioterapeutas.pt\/es\/wp-json\/wp\/v2\/comments?post=4260"}],"version-history":[{"count":0,"href":"https:\/\/staging.ordemdosfisioterapeutas.pt\/es\/wp-json\/wp\/v2\/posts\/4260\/revisions"}],"wp:featuredmedia":[{"embeddable":true,"href":"https:\/\/staging.ordemdosfisioterapeutas.pt\/es\/wp-json\/wp\/v2\/media\/4261"}],"wp:attachment":[{"href":"https:\/\/staging.ordemdosfisioterapeutas.pt\/es\/wp-json\/wp\/v2\/media?parent=4260"}],"wp:term":[{"taxonomy":"category","embeddable":true,"href":"https:\/\/staging.ordemdosfisioterapeutas.pt\/es\/wp-json\/wp\/v2\/categories?post=4260"},{"taxonomy":"post_tag","embeddable":true,"href":"https:\/\/staging.ordemdosfisioterapeutas.pt\/es\/wp-json\/wp\/v2\/tags?post=4260"}],"curies":[{"name":"wp","href":"https:\/\/api.w.org\/{rel}","templated":true}]}}