{"id":4274,"date":"2022-04-01T17:24:40","date_gmt":"2022-04-01T16:24:40","guid":{"rendered":"https:\/\/staging.ordemdosfisioterapeutas.pt\/?p=4274"},"modified":"2022-04-01T17:29:15","modified_gmt":"2022-04-01T16:29:15","slug":"reuniao-plano-de-recuperacao-e-resiliencia","status":"publish","type":"post","link":"https:\/\/staging.ordemdosfisioterapeutas.pt\/es\/noticias\/reuniao-plano-de-recuperacao-e-resiliencia\/","title":{"rendered":"Reuni\u00f3n - Plan de recuperaci\u00f3n y resiliencia"},"content":{"rendered":"<div data-elementor-type=\"wp-post\" data-elementor-id=\"4274\" class=\"elementor elementor-4274\" data-elementor-post-type=\"post\">\n\t\t\t\t\t\t<section class=\"elementor-section elementor-top-section elementor-element elementor-element-43c26fd elementor-section-boxed elementor-section-height-default elementor-section-height-default\" data-id=\"43c26fd\" data-element_type=\"section\" data-e-type=\"section\">\n\t\t\t\t\t\t<div class=\"elementor-container elementor-column-gap-default\">\n\t\t\t\t\t<div class=\"elementor-column elementor-col-100 elementor-top-column elementor-element elementor-element-29d3aa5\" data-id=\"29d3aa5\" data-element_type=\"column\" data-e-type=\"column\">\n\t\t\t<div class=\"elementor-widget-wrap elementor-element-populated\">\n\t\t\t\t\t\t<div class=\"elementor-element elementor-element-0f5f5cc elementor-widget elementor-widget-text-editor\" data-id=\"0f5f5cc\" data-element_type=\"widget\" data-e-type=\"widget\" data-widget_type=\"text-editor.default\">\n\t\t\t\t<div class=\"elementor-widget-container\">\n\t\t\t\t\t\t\t\t\t<p>Servicios compartidos del Ministerio de Sanidad\u00a0<\/p><p>Grupo de Trabajo del Plan de Recuperaci\u00f3n y Resistencia<\/p><p>Se ha creado un grupo de trabajo con representantes de las organizaciones de profesiones sanitarias para hacer un seguimiento de las iniciativas de los Servicios Compartidos del Ministerio de Sanidad en el \u00e1mbito del Plan de Recuperaci\u00f3n y Resiliencia. Los sistemas de informaci\u00f3n para los profesionales sanitarios es un tema importante para los fisioterapeutas, como sabemos, pero tambi\u00e9n, y en consecuencia, para los usuarios.<\/p><p>La primera reuni\u00f3n tuvo lugar el 17 de marzo, con la asistencia de una delegaci\u00f3n del Colegio de Fisioterapeutas. Est\u00e1 prevista otra reuni\u00f3n para el pr\u00f3ximo mes de junio.<\/p>\t\t\t\t\t\t\t\t<\/div>\n\t\t\t\t<\/div>\n\t\t\t\t\t<\/div>\n\t\t<\/div>\n\t\t\t\t\t<\/div>\n\t\t<\/section>\n\t\t\t\t<\/div>","protected":false},"excerpt":{"rendered":"<p>Se ha creado un grupo de trabajo con representantes de las \u00d3rdenes de las profesiones sanitarias para el seguimiento de las iniciativas de los Servicios Compartidos del Ministerio de Sanidad en el marco del Plan de Recuperaci\u00f3n y Resiliencia. <\/p>","protected":false},"author":1,"featured_media":4275,"comment_status":"closed","ping_status":"open","sticky":false,"template":"","format":"standard","meta":{"footnotes":""},"categories":[13],"tags":[],"class_list":["post-4274","post","type-post","status-publish","format-standard","has-post-thumbnail","hentry","category-noticias"],"_links":{"self":[{"href":"https:\/\/staging.ordemdosfisioterapeutas.pt\/es\/wp-json\/wp\/v2\/posts\/4274","targetHints":{"allow":["GET"]}}],"collection":[{"href":"https:\/\/staging.ordemdosfisioterapeutas.pt\/es\/wp-json\/wp\/v2\/posts"}],"about":[{"href":"https:\/\/staging.ordemdosfisioterapeutas.pt\/es\/wp-json\/wp\/v2\/types\/post"}],"author":[{"embeddable":true,"href":"https:\/\/staging.ordemdosfisioterapeutas.pt\/es\/wp-json\/wp\/v2\/users\/1"}],"replies":[{"embeddable":true,"href":"https:\/\/staging.ordemdosfisioterapeutas.pt\/es\/wp-json\/wp\/v2\/comments?post=4274"}],"version-history":[{"count":0,"href":"https:\/\/staging.ordemdosfisioterapeutas.pt\/es\/wp-json\/wp\/v2\/posts\/4274\/revisions"}],"wp:featuredmedia":[{"embeddable":true,"href":"https:\/\/staging.ordemdosfisioterapeutas.pt\/es\/wp-json\/wp\/v2\/media\/4275"}],"wp:attachment":[{"href":"https:\/\/staging.ordemdosfisioterapeutas.pt\/es\/wp-json\/wp\/v2\/media?parent=4274"}],"wp:term":[{"taxonomy":"category","embeddable":true,"href":"https:\/\/staging.ordemdosfisioterapeutas.pt\/es\/wp-json\/wp\/v2\/categories?post=4274"},{"taxonomy":"post_tag","embeddable":true,"href":"https:\/\/staging.ordemdosfisioterapeutas.pt\/es\/wp-json\/wp\/v2\/tags?post=4274"}],"curies":[{"name":"wp","href":"https:\/\/api.w.org\/{rel}","templated":true}]}}