{"id":4296,"date":"2022-04-05T17:14:31","date_gmt":"2022-04-05T16:14:31","guid":{"rendered":"https:\/\/staging.ordemdosfisioterapeutas.pt\/?p=4296"},"modified":"2022-04-05T17:15:29","modified_gmt":"2022-04-05T16:15:29","slug":"tomada-de-posse-sociedade-portuguesa-de-literacia-em-saude","status":"publish","type":"post","link":"https:\/\/staging.ordemdosfisioterapeutas.pt\/es\/noticias\/tomada-de-posse-sociedade-portuguesa-de-literacia-em-saude\/","title":{"rendered":"Investidura - Sociedad Portuguesa de Alfabetizaci\u00f3n Sanitaria"},"content":{"rendered":"<div data-elementor-type=\"wp-post\" data-elementor-id=\"4296\" class=\"elementor elementor-4296\" data-elementor-post-type=\"post\">\n\t\t\t\t\t\t<section class=\"elementor-section elementor-top-section elementor-element elementor-element-1834f3d elementor-section-boxed elementor-section-height-default elementor-section-height-default\" data-id=\"1834f3d\" data-element_type=\"section\" data-e-type=\"section\">\n\t\t\t\t\t\t<div class=\"elementor-container elementor-column-gap-default\">\n\t\t\t\t\t<div class=\"elementor-column elementor-col-100 elementor-top-column elementor-element elementor-element-40dad0e\" data-id=\"40dad0e\" data-element_type=\"column\" data-e-type=\"column\">\n\t\t\t<div class=\"elementor-widget-wrap elementor-element-populated\">\n\t\t\t\t\t\t<div class=\"elementor-element elementor-element-9551119 elementor-widget elementor-widget-text-editor\" data-id=\"9551119\" data-element_type=\"widget\" data-e-type=\"widget\" data-widget_type=\"text-editor.default\">\n\t\t\t\t<div class=\"elementor-widget-container\">\n\t\t\t\t\t\t\t\t\t<p>La ceremonia de inauguraci\u00f3n del SPLS se celebr\u00f3 el 26 de marzo, y tambi\u00e9n estuvo marcada por el acto \"Alfabetizaci\u00f3n sanitaria y crisis humanitaria mundial\", en\u00a0<em>Lisboa.\u00a0<\/em><\/p><p>La Sociedad Portuguesa de Alfabetizaci\u00f3n Sanitaria es una organizaci\u00f3n cient\u00edfica y educativa sin \u00e1nimo de lucro dedicada a la promoci\u00f3n, desarrollo y mejora de la Alfabetizaci\u00f3n Sanitaria, respetando los principios \u00e9ticos y los valores humanistas.<\/p><p>Deseamos a los \u00f3rganos de gobierno electos un mandato muy fruct\u00edfero y estamos dispuestos a contribuir a su enfoque multidisciplinar de la promoci\u00f3n de la alfabetizaci\u00f3n sanitaria.\u00a0<\/p><p>La Orden de Fisioterapeutas estuvo representada por el Vicepresidente<strong>,<\/strong>\u00a0Concei\u00e7\u00e3o Bettencourt.\u00a0<\/p><p>M\u00e1s informaci\u00f3n sobre el SPLS aqu\u00ed:\u00a0<span style=\"text-decoration: underline;\"><a href=\"https:\/\/www.splsportugal.pt\/\">https:\/\/www.splsportugal.pt\/<\/a><\/span><\/p>\t\t\t\t\t\t\t\t<\/div>\n\t\t\t\t<\/div>\n\t\t\t\t\t<\/div>\n\t\t<\/div>\n\t\t\t\t\t<\/div>\n\t\t<\/section>\n\t\t\t\t<\/div>","protected":false},"excerpt":{"rendered":"<p>El 26 de marzo tuvo lugar la ceremonia inaugural del SPLS, marcada tambi\u00e9n por el evento \"Health Literacy and the Global Humanitarian Crisis\", en Lisboa. <\/p>","protected":false},"author":1,"featured_media":4297,"comment_status":"closed","ping_status":"open","sticky":false,"template":"","format":"standard","meta":{"footnotes":""},"categories":[13],"tags":[],"class_list":["post-4296","post","type-post","status-publish","format-standard","has-post-thumbnail","hentry","category-noticias"],"_links":{"self":[{"href":"https:\/\/staging.ordemdosfisioterapeutas.pt\/es\/wp-json\/wp\/v2\/posts\/4296","targetHints":{"allow":["GET"]}}],"collection":[{"href":"https:\/\/staging.ordemdosfisioterapeutas.pt\/es\/wp-json\/wp\/v2\/posts"}],"about":[{"href":"https:\/\/staging.ordemdosfisioterapeutas.pt\/es\/wp-json\/wp\/v2\/types\/post"}],"author":[{"embeddable":true,"href":"https:\/\/staging.ordemdosfisioterapeutas.pt\/es\/wp-json\/wp\/v2\/users\/1"}],"replies":[{"embeddable":true,"href":"https:\/\/staging.ordemdosfisioterapeutas.pt\/es\/wp-json\/wp\/v2\/comments?post=4296"}],"version-history":[{"count":0,"href":"https:\/\/staging.ordemdosfisioterapeutas.pt\/es\/wp-json\/wp\/v2\/posts\/4296\/revisions"}],"wp:featuredmedia":[{"embeddable":true,"href":"https:\/\/staging.ordemdosfisioterapeutas.pt\/es\/wp-json\/wp\/v2\/media\/4297"}],"wp:attachment":[{"href":"https:\/\/staging.ordemdosfisioterapeutas.pt\/es\/wp-json\/wp\/v2\/media?parent=4296"}],"wp:term":[{"taxonomy":"category","embeddable":true,"href":"https:\/\/staging.ordemdosfisioterapeutas.pt\/es\/wp-json\/wp\/v2\/categories?post=4296"},{"taxonomy":"post_tag","embeddable":true,"href":"https:\/\/staging.ordemdosfisioterapeutas.pt\/es\/wp-json\/wp\/v2\/tags?post=4296"}],"curies":[{"name":"wp","href":"https:\/\/api.w.org\/{rel}","templated":true}]}}