{"id":4313,"date":"2022-04-08T15:42:09","date_gmt":"2022-04-08T14:42:09","guid":{"rendered":"https:\/\/staging.ordemdosfisioterapeutas.pt\/?p=4313"},"modified":"2022-04-11T10:10:08","modified_gmt":"2022-04-11T09:10:08","slug":"congresso-nacional-a-grande-idade-em-discussao","status":"publish","type":"post","link":"https:\/\/staging.ordemdosfisioterapeutas.pt\/es\/noticias\/congresso-nacional-a-grande-idade-em-discussao\/","title":{"rendered":"Congreso Nacional - La Gran Edad en discusi\u00f3n"},"content":{"rendered":"<div data-elementor-type=\"wp-post\" data-elementor-id=\"4313\" class=\"elementor elementor-4313\" data-elementor-post-type=\"post\">\n\t\t\t\t\t\t<section class=\"elementor-section elementor-top-section elementor-element elementor-element-eb0b29f elementor-section-boxed elementor-section-height-default elementor-section-height-default\" data-id=\"eb0b29f\" data-element_type=\"section\" data-e-type=\"section\">\n\t\t\t\t\t\t<div class=\"elementor-container elementor-column-gap-default\">\n\t\t\t\t\t<div class=\"elementor-column elementor-col-100 elementor-top-column elementor-element elementor-element-2ccb245\" data-id=\"2ccb245\" data-element_type=\"column\" data-e-type=\"column\">\n\t\t\t<div class=\"elementor-widget-wrap elementor-element-populated\">\n\t\t\t\t\t\t<div class=\"elementor-element elementor-element-dc0e563 elementor-widget elementor-widget-text-editor\" data-id=\"dc0e563\" data-element_type=\"widget\" data-e-type=\"widget\" data-widget_type=\"text-editor.default\">\n\t\t\t\t<div class=\"elementor-widget-container\">\n\t\t\t\t\t\t\t\t\t<p>El pasado 26 de marzo, el Presidente de la Orden de Fisioterapeutas de Portugal, Ant\u00f3nio Lopes, particip\u00f3, como invitado, en el Congreso \"La Gran Edad en Discusi\u00f3n\", organizado por la Associa\u00e7\u00e3o Amigos da Grande Idade y la Escola Superior de Sa\u00fade da Cruz Vermelha Portuguesa.<br \/>Por la ma\u00f1ana, el tema del debate fue: Despu\u00e9s de COVID, \u00bfqu\u00e9 pasa con la institucionalizaci\u00f3n de las personas mayores en Portugal?<br \/>Por la tarde, el debate se centr\u00f3 en: \u00bfLos servicios para las personas mayores son servicios sociales o servicios sanitarios?<br \/>En este contexto, el Presidente de la Orden de Fisioterapeutas, que tuvo la oportunidad de tomar la palabra, valor\u00f3 la intervenci\u00f3n de los fisioterapeutas como especialistas en el movimiento humano y la evaluaci\u00f3n de la funcionalidad. Tambi\u00e9n hizo hincapi\u00e9 en la necesidad de que los fisioterapeutas de atenci\u00f3n primaria intervengan en la comunidad, as\u00ed como en la necesidad de continuidad asistencial para las personas mayores.<br \/>El debate posterior, con intervenciones del p\u00fablico, gir\u00f3 tambi\u00e9n en torno a la cuesti\u00f3n de los perfiles y cualificaciones de los profesionales, m\u00e1s en el \u00e1mbito social o sanitario, incluida la gesti\u00f3n de instituciones, como era el tema de la sesi\u00f3n.<\/p><p>El Colegio de Fisioterapeutas defiende la necesidad de fisioterapeutas en las residencias. Por lo tanto, es esencial que haya apoyo, informaci\u00f3n y formaci\u00f3n para los cuidadores, a fin de garantizar la calidad de los cuidados prestados por profesionales sanitarios especializados en su campo profesional.<br \/>Creemos que los cuidados de larga duraci\u00f3n, por un lado, y la atenci\u00f3n domiciliaria, por otro, son \u00e1reas de oportunidad para los fisioterapeutas.<br \/>En particular, tambi\u00e9n deber\u00eda fomentarse la cuesti\u00f3n de la prescripci\u00f3n\/asesoramiento de ayudas t\u00e9cnicas y adaptaciones a domicilio, en colaboraci\u00f3n con las autoridades locales, y esto es algo que tambi\u00e9n consideraremos para el futuro de la Fisioterapia.<\/p>\t\t\t\t\t\t\t\t<\/div>\n\t\t\t\t<\/div>\n\t\t\t\t\t<\/div>\n\t\t<\/div>\n\t\t\t\t\t<\/div>\n\t\t<\/section>\n\t\t\t\t<\/div>","protected":false},"excerpt":{"rendered":"<p>El pasado 26 de marzo, el Presidente de la Orden de Fisioterapeutas de Portugal, Ant\u00f3nio Lopes, particip\u00f3, como invitado, en el Congreso \"La Gran Edad en Discusi\u00f3n\", organizado por la Associa\u00e7\u00e3o Amigos da Grande Idade y la Escola Superior de Sa\u00fade da Cruz Vermelha Portuguesa.<\/p>","protected":false},"author":1,"featured_media":4314,"comment_status":"closed","ping_status":"open","sticky":false,"template":"","format":"standard","meta":{"footnotes":""},"categories":[13],"tags":[],"class_list":["post-4313","post","type-post","status-publish","format-standard","has-post-thumbnail","hentry","category-noticias"],"_links":{"self":[{"href":"https:\/\/staging.ordemdosfisioterapeutas.pt\/es\/wp-json\/wp\/v2\/posts\/4313","targetHints":{"allow":["GET"]}}],"collection":[{"href":"https:\/\/staging.ordemdosfisioterapeutas.pt\/es\/wp-json\/wp\/v2\/posts"}],"about":[{"href":"https:\/\/staging.ordemdosfisioterapeutas.pt\/es\/wp-json\/wp\/v2\/types\/post"}],"author":[{"embeddable":true,"href":"https:\/\/staging.ordemdosfisioterapeutas.pt\/es\/wp-json\/wp\/v2\/users\/1"}],"replies":[{"embeddable":true,"href":"https:\/\/staging.ordemdosfisioterapeutas.pt\/es\/wp-json\/wp\/v2\/comments?post=4313"}],"version-history":[{"count":0,"href":"https:\/\/staging.ordemdosfisioterapeutas.pt\/es\/wp-json\/wp\/v2\/posts\/4313\/revisions"}],"wp:featuredmedia":[{"embeddable":true,"href":"https:\/\/staging.ordemdosfisioterapeutas.pt\/es\/wp-json\/wp\/v2\/media\/4314"}],"wp:attachment":[{"href":"https:\/\/staging.ordemdosfisioterapeutas.pt\/es\/wp-json\/wp\/v2\/media?parent=4313"}],"wp:term":[{"taxonomy":"category","embeddable":true,"href":"https:\/\/staging.ordemdosfisioterapeutas.pt\/es\/wp-json\/wp\/v2\/categories?post=4313"},{"taxonomy":"post_tag","embeddable":true,"href":"https:\/\/staging.ordemdosfisioterapeutas.pt\/es\/wp-json\/wp\/v2\/tags?post=4313"}],"curies":[{"name":"wp","href":"https:\/\/api.w.org\/{rel}","templated":true}]}}