{"id":4323,"date":"2022-04-12T21:11:04","date_gmt":"2022-04-12T20:11:04","guid":{"rendered":"https:\/\/staging.ordemdosfisioterapeutas.pt\/?p=4323"},"modified":"2022-04-12T21:13:50","modified_gmt":"2022-04-12T20:13:50","slug":"reuniao-com-a-ministra-marta-temido","status":"publish","type":"post","link":"https:\/\/staging.ordemdosfisioterapeutas.pt\/es\/noticias\/reuniao-com-a-ministra-marta-temido\/","title":{"rendered":"Reuni\u00f3n con la ministra Marta Temido"},"content":{"rendered":"<div data-elementor-type=\"wp-post\" data-elementor-id=\"4323\" class=\"elementor elementor-4323\" data-elementor-post-type=\"post\">\n\t\t\t\t\t\t<section class=\"elementor-section elementor-top-section elementor-element elementor-element-89b25e0 elementor-section-boxed elementor-section-height-default elementor-section-height-default\" data-id=\"89b25e0\" data-element_type=\"section\" data-e-type=\"section\">\n\t\t\t\t\t\t<div class=\"elementor-container elementor-column-gap-default\">\n\t\t\t\t\t<div class=\"elementor-column elementor-col-100 elementor-top-column elementor-element elementor-element-5b14c30\" data-id=\"5b14c30\" data-element_type=\"column\" data-e-type=\"column\">\n\t\t\t<div class=\"elementor-widget-wrap elementor-element-populated\">\n\t\t\t\t\t\t<div class=\"elementor-element elementor-element-1ea8ab9 elementor-widget elementor-widget-text-editor\" data-id=\"1ea8ab9\" data-element_type=\"widget\" data-e-type=\"widget\" data-widget_type=\"text-editor.default\">\n\t\t\t\t<div class=\"elementor-widget-container\">\n\t\t\t\t\t\t\t\t\t<p>En el marco de la presentaci\u00f3n del programa gubernamental, la Orden de Fisioterapeutas se reuni\u00f3 ayer con el Ministro de Sanidad en una secuencia de encuentros individuales en los que participaron las \u00d3rdenes Profesionales.<\/p><p>En esta reuni\u00f3n se presentaron los elementos rectores del Ministerio de Sanidad y sus respectivas funciones. El ministerio present\u00f3 el programa de gobierno y escuch\u00f3 las necesidades de los profesionales. El Consejo de la Orden hizo hincapi\u00e9 en la necesidad de unidades funcionales de fisioterapia y en la importancia de registrar los actos inherentes a la profesi\u00f3n, as\u00ed como de establecer el perfil profesional del fisioterapeuta.   Durante la reuni\u00f3n tambi\u00e9n se debati\u00f3 sobre la Ley B\u00e1sica de Salud y el Estatuto del SNS.\u00a0<\/p><p>La Orden tambi\u00e9n mostr\u00f3 su voluntad de aportar las aclaraciones necesarias en su actividad gubernamental.\u00a0<\/p><p>Por parte del Ministerio de Sanidad, estuvieron presentes la Ministra de Sanidad, Marta Temido, el Subsecretario de Estado de Sanidad, Ant\u00f3nio Lacerda Sales, la Secretaria de Estado de Sanidad, Maria de F\u00e1tima Fonseca, y sus respectivos Jefes de Gabinete del Ministerio de Sanidad.<\/p><p>Estuvieron presentes el Presidente de la Orden de Fisioterapeutas, Ant\u00f3nio Lopes, y el Vicepresidente 1\u00ba, Nuno Cordeiro.<\/p>\t\t\t\t\t\t\t\t<\/div>\n\t\t\t\t<\/div>\n\t\t\t\t\t<\/div>\n\t\t<\/div>\n\t\t\t\t\t<\/div>\n\t\t<\/section>\n\t\t\t\t<\/div>","protected":false},"excerpt":{"rendered":"<p>En el marco de la presentaci\u00f3n del programa gubernamental, la Orden de Fisioterapeutas se reuni\u00f3 ayer con el Ministro de Sanidad en una secuencia de encuentros individuales en los que participaron las \u00d3rdenes Profesionales.<\/p>","protected":false},"author":1,"featured_media":4324,"comment_status":"closed","ping_status":"open","sticky":false,"template":"","format":"standard","meta":{"footnotes":""},"categories":[13],"tags":[],"class_list":["post-4323","post","type-post","status-publish","format-standard","has-post-thumbnail","hentry","category-noticias"],"_links":{"self":[{"href":"https:\/\/staging.ordemdosfisioterapeutas.pt\/es\/wp-json\/wp\/v2\/posts\/4323","targetHints":{"allow":["GET"]}}],"collection":[{"href":"https:\/\/staging.ordemdosfisioterapeutas.pt\/es\/wp-json\/wp\/v2\/posts"}],"about":[{"href":"https:\/\/staging.ordemdosfisioterapeutas.pt\/es\/wp-json\/wp\/v2\/types\/post"}],"author":[{"embeddable":true,"href":"https:\/\/staging.ordemdosfisioterapeutas.pt\/es\/wp-json\/wp\/v2\/users\/1"}],"replies":[{"embeddable":true,"href":"https:\/\/staging.ordemdosfisioterapeutas.pt\/es\/wp-json\/wp\/v2\/comments?post=4323"}],"version-history":[{"count":0,"href":"https:\/\/staging.ordemdosfisioterapeutas.pt\/es\/wp-json\/wp\/v2\/posts\/4323\/revisions"}],"wp:featuredmedia":[{"embeddable":true,"href":"https:\/\/staging.ordemdosfisioterapeutas.pt\/es\/wp-json\/wp\/v2\/media\/4324"}],"wp:attachment":[{"href":"https:\/\/staging.ordemdosfisioterapeutas.pt\/es\/wp-json\/wp\/v2\/media?parent=4323"}],"wp:term":[{"taxonomy":"category","embeddable":true,"href":"https:\/\/staging.ordemdosfisioterapeutas.pt\/es\/wp-json\/wp\/v2\/categories?post=4323"},{"taxonomy":"post_tag","embeddable":true,"href":"https:\/\/staging.ordemdosfisioterapeutas.pt\/es\/wp-json\/wp\/v2\/tags?post=4323"}],"curies":[{"name":"wp","href":"https:\/\/api.w.org\/{rel}","templated":true}]}}