{"id":4350,"date":"2022-04-21T17:10:14","date_gmt":"2022-04-21T16:10:14","guid":{"rendered":"https:\/\/staging.ordemdosfisioterapeutas.pt\/?p=4350"},"modified":"2022-04-21T17:12:11","modified_gmt":"2022-04-21T16:12:11","slug":"dia-da-reabilitacao-respiratoria","status":"publish","type":"post","link":"https:\/\/staging.ordemdosfisioterapeutas.pt\/es\/noticias\/dia-da-reabilitacao-respiratoria\/","title":{"rendered":"Jornada de Rehabilitaci\u00f3n Respiratoria"},"content":{"rendered":"<div data-elementor-type=\"wp-post\" data-elementor-id=\"4350\" class=\"elementor elementor-4350\" data-elementor-post-type=\"post\">\n\t\t\t\t\t\t<section class=\"elementor-section elementor-top-section elementor-element elementor-element-1c468db elementor-section-boxed elementor-section-height-default elementor-section-height-default\" data-id=\"1c468db\" data-element_type=\"section\" data-e-type=\"section\">\n\t\t\t\t\t\t<div class=\"elementor-container elementor-column-gap-default\">\n\t\t\t\t\t<div class=\"elementor-column elementor-col-100 elementor-top-column elementor-element elementor-element-c2d434b\" data-id=\"c2d434b\" data-element_type=\"column\" data-e-type=\"column\">\n\t\t\t<div class=\"elementor-widget-wrap elementor-element-populated\">\n\t\t\t\t\t\t<div class=\"elementor-element elementor-element-ce98ba2 elementor-widget elementor-widget-text-editor\" data-id=\"ce98ba2\" data-element_type=\"widget\" data-e-type=\"widget\" data-widget_type=\"text-editor.default\">\n\t\t\t\t<div class=\"elementor-widget-container\">\n\t\t\t\t\t\t\t\t\t<p>La celebraci\u00f3n del D\u00eda de la Rehabilitaci\u00f3n Respiratoria comenz\u00f3 el 21 de abril de 2016, por iniciativa de la Fundaci\u00f3n Portuguesa del Pulm\u00f3n y con el respaldo de otras 12 entidades (sociedades m\u00e9dicas y asociaciones de profesionales de la salud y de pacientes respiratorios), entre las que se encuentra la Asociaci\u00f3n Portuguesa de Fisioterapeutas.\u00a0<\/p><p>El objetivo de esta iniciativa es concienciar a los responsables de las pol\u00edticas sanitarias, a los organismos financiadores de la sanidad, a los profesionales sanitarios, a los pacientes respiratorios y sus familias y a la sociedad en general de que la Rehabilitaci\u00f3n Respiratoria (RR) es una intervenci\u00f3n con beneficios demostrados para la salud en sus dimensiones f\u00edsica, psicol\u00f3gica y social, Pero, incomprensiblemente, su accesibilidad y derivaci\u00f3n son extremadamente bajas. Se estima que s\u00f3lo alrededor del 2-3% de los pacientes que la necesitan tienen acceso a programas de rehabilitaci\u00f3n adaptados a sus necesidades, una situaci\u00f3n que ha empeorado mucho durante la pandemia de COVID-19 y sigue haci\u00e9ndolo.<\/p><p>La fisioterapia respiratoria (un componente del \u00e1rea de fisioterapia cardiorrespiratoria) se refiere a la intervenci\u00f3n de los fisioterapeutas en afecciones respiratorias, con enfermedad o en riesgo de desarrollarla, proporcionando as\u00ed cuidados dentro del \u00e1mbito de la prevenci\u00f3n, el tratamiento, la habilitaci\u00f3n y la rehabilitaci\u00f3n.<\/p><p>La fisioterapia respiratoria y el profesional que la lleva a cabo, el fisioterapeuta, son elementos fundamentales que contribuyen a mejorar el estado de salud del paciente respiratorio (agudo o cr\u00f3nico), ya sea integrado en equipos multidisciplinares de RR o en un contexto de pr\u00e1ctica m\u00e1s directa que no se enmarca dentro del concepto de Rehabilitaci\u00f3n Respiratoria. Tambi\u00e9n nos gustar\u00eda destacar la enorme contribuci\u00f3n que los fisioterapeutas, tanto a nivel nacional como internacional, han realizado para aumentar el conocimiento, la evidencia y la implementaci\u00f3n de la Rehabilitaci\u00f3n Respiratoria, incluyendo nuevos modelos de pr\u00e1ctica (telerehabilitaci\u00f3n, a domicilio y a trav\u00e9s de la web).<\/p>\t\t\t\t\t\t\t\t<\/div>\n\t\t\t\t<\/div>\n\t\t\t\t\t<\/div>\n\t\t<\/div>\n\t\t\t\t\t<\/div>\n\t\t<\/section>\n\t\t\t\t<\/div>","protected":false},"excerpt":{"rendered":"<p>La celebraci\u00f3n del D\u00eda de la Rehabilitaci\u00f3n Respiratoria comenz\u00f3 el 21 de abril de 2016, por iniciativa de la Fundaci\u00f3n Portuguesa del Pulm\u00f3n y con el respaldo de otras 12 entidades (sociedades m\u00e9dicas y asociaciones de profesionales de la salud y de pacientes respiratorios), entre las que se encuentra la Asociaci\u00f3n Portuguesa de Fisioterapeutas.<\/p>","protected":false},"author":1,"featured_media":4351,"comment_status":"closed","ping_status":"open","sticky":false,"template":"","format":"standard","meta":{"footnotes":""},"categories":[13],"tags":[],"class_list":["post-4350","post","type-post","status-publish","format-standard","has-post-thumbnail","hentry","category-noticias"],"_links":{"self":[{"href":"https:\/\/staging.ordemdosfisioterapeutas.pt\/es\/wp-json\/wp\/v2\/posts\/4350","targetHints":{"allow":["GET"]}}],"collection":[{"href":"https:\/\/staging.ordemdosfisioterapeutas.pt\/es\/wp-json\/wp\/v2\/posts"}],"about":[{"href":"https:\/\/staging.ordemdosfisioterapeutas.pt\/es\/wp-json\/wp\/v2\/types\/post"}],"author":[{"embeddable":true,"href":"https:\/\/staging.ordemdosfisioterapeutas.pt\/es\/wp-json\/wp\/v2\/users\/1"}],"replies":[{"embeddable":true,"href":"https:\/\/staging.ordemdosfisioterapeutas.pt\/es\/wp-json\/wp\/v2\/comments?post=4350"}],"version-history":[{"count":0,"href":"https:\/\/staging.ordemdosfisioterapeutas.pt\/es\/wp-json\/wp\/v2\/posts\/4350\/revisions"}],"wp:featuredmedia":[{"embeddable":true,"href":"https:\/\/staging.ordemdosfisioterapeutas.pt\/es\/wp-json\/wp\/v2\/media\/4351"}],"wp:attachment":[{"href":"https:\/\/staging.ordemdosfisioterapeutas.pt\/es\/wp-json\/wp\/v2\/media?parent=4350"}],"wp:term":[{"taxonomy":"category","embeddable":true,"href":"https:\/\/staging.ordemdosfisioterapeutas.pt\/es\/wp-json\/wp\/v2\/categories?post=4350"},{"taxonomy":"post_tag","embeddable":true,"href":"https:\/\/staging.ordemdosfisioterapeutas.pt\/es\/wp-json\/wp\/v2\/tags?post=4350"}],"curies":[{"name":"wp","href":"https:\/\/api.w.org\/{rel}","templated":true}]}}