{"id":4357,"date":"2022-04-22T16:15:34","date_gmt":"2022-04-22T15:15:34","guid":{"rendered":"https:\/\/staging.ordemdosfisioterapeutas.pt\/?p=4357"},"modified":"2022-04-22T16:23:47","modified_gmt":"2022-04-22T15:23:47","slug":"enefft-2022-ordem-dos-fisioterapeutas-esteve-presente","status":"publish","type":"post","link":"https:\/\/staging.ordemdosfisioterapeutas.pt\/es\/noticias\/enefft-2022-ordem-dos-fisioterapeutas-esteve-presente\/","title":{"rendered":"ENEFFt 2022, Ordem dos Fisioterapeutas estuvo presente"},"content":{"rendered":"<div data-elementor-type=\"wp-post\" data-elementor-id=\"4357\" class=\"elementor elementor-4357\" data-elementor-post-type=\"post\">\n\t\t\t\t\t\t<section class=\"elementor-section elementor-top-section elementor-element elementor-element-016629e elementor-section-boxed elementor-section-height-default elementor-section-height-default\" data-id=\"016629e\" data-element_type=\"section\" data-e-type=\"section\">\n\t\t\t\t\t\t<div class=\"elementor-container elementor-column-gap-default\">\n\t\t\t\t\t<div class=\"elementor-column elementor-col-100 elementor-top-column elementor-element elementor-element-2139db8\" data-id=\"2139db8\" data-element_type=\"column\" data-e-type=\"column\">\n\t\t\t<div class=\"elementor-widget-wrap elementor-element-populated\">\n\t\t\t\t\t\t<div class=\"elementor-element elementor-element-098e465 elementor-widget elementor-widget-text-editor\" data-id=\"098e465\" data-element_type=\"widget\" data-e-type=\"widget\" data-widget_type=\"text-editor.default\">\n\t\t\t\t<div class=\"elementor-widget-container\">\n\t\t\t\t\t\t\t\t\t<p>La Junta de la Orden de Fisioterapeutas estuvo presente en el Encuentro Nacional de Estudiantes de Fisioterapia (ENEFt), que tuvo lugar entre los d\u00edas 8 y 12 de abril de 2022. La participaci\u00f3n de la Orden cont\u00f3 con la presencia del Presidente, Profesor Ant\u00f3nio Lopes y los miembros de la Junta, Fisioterapeutas Afonso Neutel Pedro Rebelo.<\/p><p>El 9 de abril, la Orden estuvo presente en la Mesa de Apertura y mantuvo una reuni\u00f3n de trabajo con la Asociaci\u00f3n Nacional de J\u00f3venes en Fisioterapia (ANJF), en la que se debatieron las principales prioridades para el desarrollo de la Fisioterapia en Portugal y se escucharon las principales preocupaciones de los j\u00f3venes en Fisioterapia.  La Junta de la Orden y la ANJF pretenden mantener reuniones peri\u00f3dicas con el objetivo de promover el desarrollo colaborativo de la Fisioterapia en Portugal.  Esta reuni\u00f3n cont\u00f3 con la presencia del profesor Ant\u00f3nio Lopes y del fisioterapeuta Afonso Neutel, en representaci\u00f3n de la Orden. Por parte de la ANJF, la presidenta fue la fisioterapeuta Teresa Miguel, la tesorera la fisioterapeuta Sofia Tavares y las vocales Ana Rosa Coelho, Beatriz Silva y Constan\u00e7a Carreira.<\/p><p>El 11 de abril, la Orden estuvo presente en el Fisiomeeting con el tema \"\u00bfQu\u00e9 est\u00e1 cambiando con la Orden?\", en el que el fisioterapeuta Pedro Rebelo tuvo la oportunidad de abordar el tema, que se desarroll\u00f3 de forma muy proactiva y enriquecedora, en un formato de preguntas y respuestas, lo que permiti\u00f3 transmitir un mensaje importante y esclarecedor sobre el papel de la Orden.\u00a0<\/p>\t\t\t\t\t\t\t\t<\/div>\n\t\t\t\t<\/div>\n\t\t\t\t<div class=\"elementor-element elementor-element-4437790 elementor-arrows-position-inside elementor-pagination-position-outside elementor-widget elementor-widget-image-carousel\" data-id=\"4437790\" data-element_type=\"widget\" data-e-type=\"widget\" data-settings=\"{&quot;navigation&quot;:&quot;both&quot;,&quot;autoplay&quot;:&quot;yes&quot;,&quot;pause_on_hover&quot;:&quot;yes&quot;,&quot;pause_on_interaction&quot;:&quot;yes&quot;,&quot;autoplay_speed&quot;:5000,&quot;infinite&quot;:&quot;yes&quot;,&quot;speed&quot;:500}\" data-widget_type=\"image-carousel.default\">\n\t\t\t\t<div class=\"elementor-widget-container\">\n\t\t\t\t\t\t\t<div class=\"elementor-image-carousel-wrapper swiper\" role=\"region\" aria-roledescription=\"carousel\" aria-label=\"Carrusel de im\u00e1genes\" dir=\"ltr\">\n\t\t\t<div class=\"elementor-image-carousel swiper-wrapper\" aria-live=\"off\">\n\t\t\t\t\t\t\t\t<div class=\"swiper-slide\" role=\"group\" aria-roledescription=\"slide\" aria-label=\"1 de 3\"><figure class=\"swiper-slide-inner\"><img decoding=\"async\" class=\"swiper-slide-image\" src=\"https:\/\/staging.ordemdosfisioterapeutas.pt\/wp-content\/uploads\/2022\/04\/Mesa-de-abertura-300x200.jpg\" alt=\"Mesa de abertura\" \/><figcaption class=\"elementor-image-carousel-caption\">Mesa de apertura<\/figcaption><\/figure><\/div><div class=\"swiper-slide\" role=\"group\" aria-roledescription=\"slide\" aria-label=\"2 de 3\"><figure class=\"swiper-slide-inner\"><img decoding=\"async\" class=\"swiper-slide-image\" src=\"https:\/\/staging.ordemdosfisioterapeutas.pt\/wp-content\/uploads\/2022\/04\/Reuniao-com-ANJF-300x200.jpg\" alt=\"Reuni\u00e3o com ANJF\" \/><figcaption class=\"elementor-image-carousel-caption\">Reuni\u00f3n con ANJF<\/figcaption><\/figure><\/div><div class=\"swiper-slide\" role=\"group\" aria-roledescription=\"slide\" aria-label=\"3 de 3\"><figure class=\"swiper-slide-inner\"><img decoding=\"async\" class=\"swiper-slide-image\" src=\"https:\/\/staging.ordemdosfisioterapeutas.pt\/wp-content\/uploads\/2022\/04\/Fisiomeeting-com-Pedro-Rebelo-300x200.jpg\" alt=\"Fisiomeeting com Pedro Rebelo\" \/><figcaption class=\"elementor-image-carousel-caption\">Fisiomeeting con Pedro Rebelo<\/figcaption><\/figure><\/div>\t\t\t<\/div>\n\t\t\t\t\t\t\t\t\t\t\t\t<div class=\"elementor-swiper-button elementor-swiper-button-prev\" role=\"button\" tabindex=\"0\">\n\t\t\t\t\t\t<i aria-hidden=\"true\" class=\"eicon-chevron-left\"><\/i>\t\t\t\t\t<\/div>\n\t\t\t\t\t<div class=\"elementor-swiper-button elementor-swiper-button-next\" role=\"button\" tabindex=\"0\">\n\t\t\t\t\t\t<i aria-hidden=\"true\" class=\"eicon-chevron-right\"><\/i>\t\t\t\t\t<\/div>\n\t\t\t\t\n\t\t\t\t\t\t\t\t\t<div class=\"swiper-pagination\"><\/div>\n\t\t\t\t\t\t\t\t\t<\/div>\n\t\t\t\t\t\t<\/div>\n\t\t\t\t<\/div>\n\t\t\t\t\t<\/div>\n\t\t<\/div>\n\t\t\t\t\t<\/div>\n\t\t<\/section>\n\t\t\t\t<\/div>","protected":false},"excerpt":{"rendered":"<p>La Junta Directiva de la Orden de Fisioterapeutas estuvo presente en el Encuentro Nacional de Estudiantes de Fisioterapia (ENEFt) que tuvo lugar entre el 8 y el 12 de abril de 2022.<\/p>","protected":false},"author":1,"featured_media":4358,"comment_status":"closed","ping_status":"open","sticky":false,"template":"","format":"standard","meta":{"footnotes":""},"categories":[13],"tags":[],"class_list":["post-4357","post","type-post","status-publish","format-standard","has-post-thumbnail","hentry","category-noticias"],"_links":{"self":[{"href":"https:\/\/staging.ordemdosfisioterapeutas.pt\/es\/wp-json\/wp\/v2\/posts\/4357","targetHints":{"allow":["GET"]}}],"collection":[{"href":"https:\/\/staging.ordemdosfisioterapeutas.pt\/es\/wp-json\/wp\/v2\/posts"}],"about":[{"href":"https:\/\/staging.ordemdosfisioterapeutas.pt\/es\/wp-json\/wp\/v2\/types\/post"}],"author":[{"embeddable":true,"href":"https:\/\/staging.ordemdosfisioterapeutas.pt\/es\/wp-json\/wp\/v2\/users\/1"}],"replies":[{"embeddable":true,"href":"https:\/\/staging.ordemdosfisioterapeutas.pt\/es\/wp-json\/wp\/v2\/comments?post=4357"}],"version-history":[{"count":0,"href":"https:\/\/staging.ordemdosfisioterapeutas.pt\/es\/wp-json\/wp\/v2\/posts\/4357\/revisions"}],"wp:featuredmedia":[{"embeddable":true,"href":"https:\/\/staging.ordemdosfisioterapeutas.pt\/es\/wp-json\/wp\/v2\/media\/4358"}],"wp:attachment":[{"href":"https:\/\/staging.ordemdosfisioterapeutas.pt\/es\/wp-json\/wp\/v2\/media?parent=4357"}],"wp:term":[{"taxonomy":"category","embeddable":true,"href":"https:\/\/staging.ordemdosfisioterapeutas.pt\/es\/wp-json\/wp\/v2\/categories?post=4357"},{"taxonomy":"post_tag","embeddable":true,"href":"https:\/\/staging.ordemdosfisioterapeutas.pt\/es\/wp-json\/wp\/v2\/tags?post=4357"}],"curies":[{"name":"wp","href":"https:\/\/api.w.org\/{rel}","templated":true}]}}