{"id":4452,"date":"2022-05-13T10:14:18","date_gmt":"2022-05-13T09:14:18","guid":{"rendered":"https:\/\/staging.ordemdosfisioterapeutas.pt\/?p=4452"},"modified":"2022-06-07T19:56:22","modified_gmt":"2022-06-07T18:56:22","slug":"reuniao-com-a-associacao-portuguesa-do-ensino-superior-privado","status":"publish","type":"post","link":"https:\/\/staging.ordemdosfisioterapeutas.pt\/es\/noticias\/reuniao-com-a-associacao-portuguesa-do-ensino-superior-privado\/","title":{"rendered":"Reuni\u00f3n con la Asociaci\u00f3n Portuguesa de Ense\u00f1anza Superior Privada"},"content":{"rendered":"<div data-elementor-type=\"wp-post\" data-elementor-id=\"4452\" class=\"elementor elementor-4452\" data-elementor-post-type=\"post\">\n\t\t\t\t\t\t<section class=\"elementor-section elementor-top-section elementor-element elementor-element-a722cae elementor-section-boxed elementor-section-height-default elementor-section-height-default\" data-id=\"a722cae\" data-element_type=\"section\" data-e-type=\"section\">\n\t\t\t\t\t\t<div class=\"elementor-container elementor-column-gap-default\">\n\t\t\t\t\t<div class=\"elementor-column elementor-col-100 elementor-top-column elementor-element elementor-element-f251c6c\" data-id=\"f251c6c\" data-element_type=\"column\" data-e-type=\"column\">\n\t\t\t<div class=\"elementor-widget-wrap elementor-element-populated\">\n\t\t\t\t\t\t<div class=\"elementor-element elementor-element-b2bdfc4 elementor-widget elementor-widget-text-editor\" data-id=\"b2bdfc4\" data-element_type=\"widget\" data-e-type=\"widget\" data-widget_type=\"text-editor.default\">\n\t\t\t\t<div class=\"elementor-widget-container\">\n\t\t\t\t\t\t\t\t\t<p>La Junta Directiva de la Orden de Fisioterapeutas se reuni\u00f3 el 9 de mayo con la Asociaci\u00f3n Portuguesa de Ense\u00f1anza Superior Privada, con el fin de colaborar estrat\u00e9gicamente con las Instituciones de Ense\u00f1anza Superior con formaci\u00f3n en Fisioterapia, respetando su autonom\u00eda pedag\u00f3gica y cient\u00edfica.<\/p><p>Como tal, \u00e9sta era la reuni\u00f3n:<\/p><p>- Saludos y disponibilidad para colaborar tanto con la APESP como con las distintas IES,<\/p><p>- Resumen del Plan de Actividades de la Orden de Fisioterapeutas;<\/p><p>- Se contemplan las distintas formas posibles de colaboraci\u00f3n interinstitucional, especialmente en lo que respecta a la formaci\u00f3n de grado, m\u00e1ster y doctorado.\u00a0<\/p>\t\t\t\t\t\t\t\t<\/div>\n\t\t\t\t<\/div>\n\t\t\t\t\t<\/div>\n\t\t<\/div>\n\t\t\t\t\t<\/div>\n\t\t<\/section>\n\t\t\t\t<\/div>","protected":false},"excerpt":{"rendered":"<p>La Junta Directiva de la Orden de Fisioterapeutas se reuni\u00f3 el 9 de mayo con la Asociaci\u00f3n Portuguesa de Ense\u00f1anza Superior Privada, con el fin de colaborar estrat\u00e9gicamente con las Instituciones de Ense\u00f1anza Superior con formaci\u00f3n en Fisioterapia, respetando su autonom\u00eda pedag\u00f3gica y cient\u00edfica.<\/p>","protected":false},"author":1,"featured_media":4453,"comment_status":"closed","ping_status":"open","sticky":false,"template":"","format":"standard","meta":{"footnotes":""},"categories":[13],"tags":[],"class_list":["post-4452","post","type-post","status-publish","format-standard","has-post-thumbnail","hentry","category-noticias"],"_links":{"self":[{"href":"https:\/\/staging.ordemdosfisioterapeutas.pt\/es\/wp-json\/wp\/v2\/posts\/4452","targetHints":{"allow":["GET"]}}],"collection":[{"href":"https:\/\/staging.ordemdosfisioterapeutas.pt\/es\/wp-json\/wp\/v2\/posts"}],"about":[{"href":"https:\/\/staging.ordemdosfisioterapeutas.pt\/es\/wp-json\/wp\/v2\/types\/post"}],"author":[{"embeddable":true,"href":"https:\/\/staging.ordemdosfisioterapeutas.pt\/es\/wp-json\/wp\/v2\/users\/1"}],"replies":[{"embeddable":true,"href":"https:\/\/staging.ordemdosfisioterapeutas.pt\/es\/wp-json\/wp\/v2\/comments?post=4452"}],"version-history":[{"count":0,"href":"https:\/\/staging.ordemdosfisioterapeutas.pt\/es\/wp-json\/wp\/v2\/posts\/4452\/revisions"}],"wp:featuredmedia":[{"embeddable":true,"href":"https:\/\/staging.ordemdosfisioterapeutas.pt\/es\/wp-json\/wp\/v2\/media\/4453"}],"wp:attachment":[{"href":"https:\/\/staging.ordemdosfisioterapeutas.pt\/es\/wp-json\/wp\/v2\/media?parent=4452"}],"wp:term":[{"taxonomy":"category","embeddable":true,"href":"https:\/\/staging.ordemdosfisioterapeutas.pt\/es\/wp-json\/wp\/v2\/categories?post=4452"},{"taxonomy":"post_tag","embeddable":true,"href":"https:\/\/staging.ordemdosfisioterapeutas.pt\/es\/wp-json\/wp\/v2\/tags?post=4452"}],"curies":[{"name":"wp","href":"https:\/\/api.w.org\/{rel}","templated":true}]}}