{"id":4630,"date":"2022-06-07T19:52:39","date_gmt":"2022-06-07T18:52:39","guid":{"rendered":"https:\/\/staging.ordemdosfisioterapeutas.pt\/?p=4630"},"modified":"2022-06-07T19:55:07","modified_gmt":"2022-06-07T18:55:07","slug":"13a-assembleia-geral-da-regiao-europa-da-world-physiotherapy","status":"publish","type":"post","link":"https:\/\/staging.ordemdosfisioterapeutas.pt\/es\/noticias\/13a-assembleia-geral-da-regiao-europa-da-world-physiotherapy\/","title":{"rendered":"13\u00aa Asamblea General de la \"Regi\u00f3n Mundial de Fisioterapia Europa\"."},"content":{"rendered":"<div data-elementor-type=\"wp-post\" data-elementor-id=\"4630\" class=\"elementor elementor-4630\" data-elementor-post-type=\"post\">\n\t\t\t\t\t\t<section class=\"elementor-section elementor-top-section elementor-element elementor-element-10adc89 elementor-section-boxed elementor-section-height-default elementor-section-height-default\" data-id=\"10adc89\" data-element_type=\"section\" data-e-type=\"section\">\n\t\t\t\t\t\t<div class=\"elementor-container elementor-column-gap-default\">\n\t\t\t\t\t<div class=\"elementor-column elementor-col-100 elementor-top-column elementor-element elementor-element-ff7f2b2\" data-id=\"ff7f2b2\" data-element_type=\"column\" data-e-type=\"column\">\n\t\t\t<div class=\"elementor-widget-wrap elementor-element-populated\">\n\t\t\t\t\t\t<div class=\"elementor-element elementor-element-098f33c elementor-widget elementor-widget-text-editor\" data-id=\"098f33c\" data-element_type=\"widget\" data-e-type=\"widget\" data-widget_type=\"text-editor.default\">\n\t\t\t\t<div class=\"elementor-widget-container\">\n\t\t\t\t\t\t\t\t\t<p>El Presidente de la Orden de Fisioterapeutas, Ant\u00f3nio Lopes, estuvo presente como observador en la 13\u00aa Asamblea General de la \"World Physiotherapy Europe Region\", que tuvo lugar los d\u00edas 19 y 20 de mayo en Praga, Chequia. La participaci\u00f3n de Ant\u00f3nio Lopes, que ya ha sido <em>presidente<\/em> de esta organizaci\u00f3n entre 1998 y 2010, le permiti\u00f3 conocer los trabajos en curso y las prioridades para los pr\u00f3ximos dos a\u00f1os de actividad, que la Orden asumir\u00e1 cuando se convierta en miembro. La Orden de Fisioterapeutas ya ha solicitado su adhesi\u00f3n a Fisioterapia Mundial, con efecto a partir de enero de 2023.<\/p><p>Entre los proyectos en marcha en World Physiotherapy destacan el programa para dar a conocer la importancia de la fisioterapia en la prevenci\u00f3n y rehabilitaci\u00f3n de afecciones oncol\u00f3gicas, dentro del plan europeo \"EU Commission Beating Cancer Plan\", y \"InAbled Cities: Developing Inclusive urban environments for physical activity for people with disabilities and senior citizens\", un programa que pretende promover la actividad f\u00edsica en entornos urbanos para personas con discapacidad y\/o mayores de 65 a\u00f1os.<\/p><p>En la 13\u00aa Asamblea General de la Regi\u00f3n Europa de la Fisioterapia Mundial tambi\u00e9n se abordaron cuestiones relacionadas con el apoyo y el desarrollo de la investigaci\u00f3n en fisioterapia y la definici\u00f3n de las competencias m\u00ednimas que deben exigirse en la formaci\u00f3n inicial para acceder a la profesi\u00f3n.<\/p><p>Al participar en esta organizaci\u00f3n regional de la Fisioterapia Mundial, la Orden de Fisioterapeutas pretende mantener una estrecha relaci\u00f3n e interacci\u00f3n con las organizaciones que representan a los fisioterapeutas de los 37 pa\u00edses que la componen.<\/p><p>Para m\u00e1s informaci\u00f3n sobre la Regi\u00f3n Europea de Fisioterapia Mundial, visite\u00a0<span style=\"text-decoration: underline;\"><a href=\"https:\/\/www.erwcpt.eu\/\">https:\/\/www.erwcpt.eu\/<\/a><\/span><\/p>\t\t\t\t\t\t\t\t<\/div>\n\t\t\t\t<\/div>\n\t\t\t\t\t<\/div>\n\t\t<\/div>\n\t\t\t\t\t<\/div>\n\t\t<\/section>\n\t\t\t\t<\/div>","protected":false},"excerpt":{"rendered":"<p>El Presidente de la Orden de Fisioterapeutas de Portugal, Ant\u00f3nio Lopes, estuvo presente, como observador, en la 13\u00aa Asamblea General de la \"Regi\u00f3n Mundial de Fisioterapia Europa\", que tuvo lugar los d\u00edas 19 y 20 de mayo, en Praga, en la Rep\u00fablica Checa. <\/p>","protected":false},"author":1,"featured_media":4635,"comment_status":"closed","ping_status":"open","sticky":false,"template":"","format":"standard","meta":{"footnotes":""},"categories":[13],"tags":[],"class_list":["post-4630","post","type-post","status-publish","format-standard","has-post-thumbnail","hentry","category-noticias"],"_links":{"self":[{"href":"https:\/\/staging.ordemdosfisioterapeutas.pt\/es\/wp-json\/wp\/v2\/posts\/4630","targetHints":{"allow":["GET"]}}],"collection":[{"href":"https:\/\/staging.ordemdosfisioterapeutas.pt\/es\/wp-json\/wp\/v2\/posts"}],"about":[{"href":"https:\/\/staging.ordemdosfisioterapeutas.pt\/es\/wp-json\/wp\/v2\/types\/post"}],"author":[{"embeddable":true,"href":"https:\/\/staging.ordemdosfisioterapeutas.pt\/es\/wp-json\/wp\/v2\/users\/1"}],"replies":[{"embeddable":true,"href":"https:\/\/staging.ordemdosfisioterapeutas.pt\/es\/wp-json\/wp\/v2\/comments?post=4630"}],"version-history":[{"count":0,"href":"https:\/\/staging.ordemdosfisioterapeutas.pt\/es\/wp-json\/wp\/v2\/posts\/4630\/revisions"}],"wp:featuredmedia":[{"embeddable":true,"href":"https:\/\/staging.ordemdosfisioterapeutas.pt\/es\/wp-json\/wp\/v2\/media\/4635"}],"wp:attachment":[{"href":"https:\/\/staging.ordemdosfisioterapeutas.pt\/es\/wp-json\/wp\/v2\/media?parent=4630"}],"wp:term":[{"taxonomy":"category","embeddable":true,"href":"https:\/\/staging.ordemdosfisioterapeutas.pt\/es\/wp-json\/wp\/v2\/categories?post=4630"},{"taxonomy":"post_tag","embeddable":true,"href":"https:\/\/staging.ordemdosfisioterapeutas.pt\/es\/wp-json\/wp\/v2\/tags?post=4630"}],"curies":[{"name":"wp","href":"https:\/\/api.w.org\/{rel}","templated":true}]}}