{"id":4695,"date":"2022-06-24T11:07:45","date_gmt":"2022-06-24T10:07:45","guid":{"rendered":"https:\/\/staging.ordemdosfisioterapeutas.pt\/?p=4695"},"modified":"2022-11-15T19:38:44","modified_gmt":"2022-11-15T19:38:44","slug":"fisioterapeutas-seguro-de-responsabilidade-civil-profissional","status":"publish","type":"post","link":"https:\/\/staging.ordemdosfisioterapeutas.pt\/es\/noticias\/fisioterapeutas-seguro-de-responsabilidade-civil-profissional\/","title":{"rendered":"Fisioterapeutas: seguro de responsabilidad profesional"},"content":{"rendered":"<div data-elementor-type=\"wp-post\" data-elementor-id=\"4695\" class=\"elementor elementor-4695\" data-elementor-post-type=\"post\">\n\t\t\t\t\t\t<section class=\"elementor-section elementor-top-section elementor-element elementor-element-203cc1a elementor-section-boxed elementor-section-height-default elementor-section-height-default\" data-id=\"203cc1a\" data-element_type=\"section\" data-e-type=\"section\">\n\t\t\t\t\t\t<div class=\"elementor-container elementor-column-gap-default\">\n\t\t\t\t\t<div class=\"elementor-column elementor-col-100 elementor-top-column elementor-element elementor-element-1f2197b\" data-id=\"1f2197b\" data-element_type=\"column\" data-e-type=\"column\">\n\t\t\t<div class=\"elementor-widget-wrap elementor-element-populated\">\n\t\t\t\t\t\t<div class=\"elementor-element elementor-element-8afbe76 elementor-widget elementor-widget-text-editor\" data-id=\"8afbe76\" data-element_type=\"widget\" data-e-type=\"widget\" data-widget_type=\"text-editor.default\">\n\t\t\t\t<div class=\"elementor-widget-container\">\n\t\t\t\t\t\t\t\t\t<p>El seguro de responsabilidad civil profesional ya est\u00e1 en vigor, tras la <a href=\"https:\/\/staging.ordemdosfisioterapeutas.pt\/es\/concursos\/\" target=\"_blank\" rel=\"noopener\"><u>concurso p\u00fablico <\/u><\/a>promovido por la Orden de Fisioterapeutas. La propuesta ganadora de Fidelidade - Companhia de Seguros S.A., que ser\u00e1 ejecutada por Willis, Corretores de Seguros S.A., ofrece condiciones y garant\u00edas espec\u00edficas para todos los Fisioterapeutas inscritos en la Orden, que no tengan su registro suspendido o cancelado. Puede consultar la p\u00f3liza y las preguntas frecuentes sobre el seguro de responsabilidad civil profesional en <span style=\"text-decoration: underline;\"><a href=\"https:\/\/portal.ordemdosfisioterapeutas.pt\/\" target=\"_blank\" rel=\"noopener\">\u00e1rea reservada<\/a><\/span>.<\/p><p>Con la ejecuci\u00f3n de este seguro, la Orden responde a la obligaci\u00f3n legal de todos los colegiados de contar con un seguro de responsabilidad civil y sigue comprometida con la construcci\u00f3n de las bases de una Orden de Fisioterapeutas fuerte, que regule la profesi\u00f3n y represente a sus profesionales, protegiendo tambi\u00e9n a los usuarios de los servicios de fisioterapia.\u00a0<\/p>\t\t\t\t\t\t\t\t<\/div>\n\t\t\t\t<\/div>\n\t\t\t\t\t<\/div>\n\t\t<\/div>\n\t\t\t\t\t<\/div>\n\t\t<\/section>\n\t\t\t\t<section class=\"elementor-section elementor-top-section elementor-element elementor-element-1737c3c elementor-section-boxed elementor-section-height-default elementor-section-height-default\" data-id=\"1737c3c\" data-element_type=\"section\" data-e-type=\"section\">\n\t\t\t\t\t\t<div class=\"elementor-container elementor-column-gap-default\">\n\t\t\t\t\t<div class=\"elementor-column elementor-col-100 elementor-top-column elementor-element elementor-element-e4f85e7\" data-id=\"e4f85e7\" data-element_type=\"column\" data-e-type=\"column\">\n\t\t\t<div class=\"elementor-widget-wrap elementor-element-populated\">\n\t\t\t\t\t\t<div class=\"elementor-element elementor-element-0ba7f07 elementor-widget elementor-widget-heading\" data-id=\"0ba7f07\" data-element_type=\"widget\" data-e-type=\"widget\" data-widget_type=\"heading.default\">\n\t\t\t\t<div class=\"elementor-widget-container\">\n\t\t\t\t\t<h2 class=\"elementor-heading-title elementor-size-default\">Concurso<\/h2>\t\t\t\t<\/div>\n\t\t\t\t<\/div>\n\t\t\t\t\t<\/div>\n\t\t<\/div>\n\t\t\t\t\t<\/div>\n\t\t<\/section>\n\t\t\t\t<section class=\"elementor-section elementor-top-section elementor-element elementor-element-0610bb3 elementor-section-boxed elementor-section-height-default elementor-section-height-default\" data-id=\"0610bb3\" data-element_type=\"section\" data-e-type=\"section\">\n\t\t\t\t\t\t<div class=\"elementor-container elementor-column-gap-default\">\n\t\t\t\t\t<div class=\"elementor-column elementor-col-100 elementor-top-column elementor-element elementor-element-323a218\" data-id=\"323a218\" data-element_type=\"column\" data-e-type=\"column\">\n\t\t\t<div class=\"elementor-widget-wrap elementor-element-populated\">\n\t\t\t\t\t\t<div class=\"elementor-element elementor-element-f3c4078 elementor-widget elementor-widget-text-editor\" data-id=\"f3c4078\" data-element_type=\"widget\" data-e-type=\"widget\" data-widget_type=\"text-editor.default\">\n\t\t\t\t<div class=\"elementor-widget-container\">\n\t\t\t\t\t\t\t\t\t<ul><li>Concurso P\u00fablico para la Adquisici\u00f3n de Servicios de Seguro de Responsabilidad Civil Profesional de los Colegiados del Colegio de Fisioterapeutas.<\/li><\/ul>\t\t\t\t\t\t\t\t<\/div>\n\t\t\t\t<\/div>\n\t\t\t\t<section class=\"elementor-section elementor-inner-section elementor-element elementor-element-01b4858 elementor-section-boxed elementor-section-height-default elementor-section-height-default\" data-id=\"01b4858\" data-element_type=\"section\" data-e-type=\"section\">\n\t\t\t\t\t\t<div class=\"elementor-container elementor-column-gap-default\">\n\t\t\t\t\t<div class=\"elementor-column elementor-col-33 elementor-inner-column elementor-element elementor-element-e970623\" data-id=\"e970623\" data-element_type=\"column\" data-e-type=\"column\">\n\t\t\t<div class=\"elementor-widget-wrap elementor-element-populated\">\n\t\t\t\t\t\t<div class=\"elementor-element elementor-element-cd833e4 elementor-align-left elementor-widget elementor-widget-button\" data-id=\"cd833e4\" data-element_type=\"widget\" data-e-type=\"widget\" data-widget_type=\"button.default\">\n\t\t\t\t<div class=\"elementor-widget-container\">\n\t\t\t\t\t\t\t\t\t<div class=\"elementor-button-wrapper\">\n\t\t\t\t\t<a class=\"elementor-button elementor-button-link elementor-size-sm\" href=\"https:\/\/staging.ordemdosfisioterapeutas.pt\/wp-content\/uploads\/2022\/03\/Programa-do-Concurso-1-2022.pdf\" target=\"_blank\">\n\t\t\t\t\t\t<span class=\"elementor-button-content-wrapper\">\n\t\t\t\t\t\t\t\t\t<span class=\"elementor-button-text\">Programa de concursos<\/span>\n\t\t\t\t\t<\/span>\n\t\t\t\t\t<\/a>\n\t\t\t\t<\/div>\n\t\t\t\t\t\t\t\t<\/div>\n\t\t\t\t<\/div>\n\t\t\t\t\t<\/div>\n\t\t<\/div>\n\t\t\t\t<div class=\"elementor-column elementor-col-33 elementor-inner-column elementor-element elementor-element-40e350c\" data-id=\"40e350c\" data-element_type=\"column\" data-e-type=\"column\">\n\t\t\t<div class=\"elementor-widget-wrap elementor-element-populated\">\n\t\t\t\t\t\t<div class=\"elementor-element elementor-element-6de479c elementor-align-left elementor-widget elementor-widget-button\" data-id=\"6de479c\" data-element_type=\"widget\" data-e-type=\"widget\" data-widget_type=\"button.default\">\n\t\t\t\t<div class=\"elementor-widget-container\">\n\t\t\t\t\t\t\t\t\t<div class=\"elementor-button-wrapper\">\n\t\t\t\t\t<a class=\"elementor-button elementor-button-link elementor-size-sm\" href=\"https:\/\/staging.ordemdosfisioterapeutas.pt\/wp-content\/uploads\/2022\/03\/Caderno-de-Encargos-1-2022.pdf\" target=\"_blank\">\n\t\t\t\t\t\t<span class=\"elementor-button-content-wrapper\">\n\t\t\t\t\t\t\t\t\t<span class=\"elementor-button-text\">Especificaciones<\/span>\n\t\t\t\t\t<\/span>\n\t\t\t\t\t<\/a>\n\t\t\t\t<\/div>\n\t\t\t\t\t\t\t\t<\/div>\n\t\t\t\t<\/div>\n\t\t\t\t\t<\/div>\n\t\t<\/div>\n\t\t\t\t<div class=\"elementor-column elementor-col-33 elementor-inner-column elementor-element elementor-element-cec8dbc\" data-id=\"cec8dbc\" data-element_type=\"column\" data-e-type=\"column\">\n\t\t\t<div class=\"elementor-widget-wrap elementor-element-populated\">\n\t\t\t\t\t\t<div class=\"elementor-element elementor-element-7f87b5b elementor-align-left elementor-widget elementor-widget-button\" data-id=\"7f87b5b\" data-element_type=\"widget\" data-e-type=\"widget\" data-widget_type=\"button.default\">\n\t\t\t\t<div class=\"elementor-widget-container\">\n\t\t\t\t\t\t\t\t\t<div class=\"elementor-button-wrapper\">\n\t\t\t\t\t<a class=\"elementor-button elementor-button-link elementor-size-sm\" href=\"https:\/\/staging.ordemdosfisioterapeutas.pt\/wp-content\/uploads\/2022\/03\/Anuncio-Publicado-DRE-Seguro-RC.pdf\" target=\"_blank\">\n\t\t\t\t\t\t<span class=\"elementor-button-content-wrapper\">\n\t\t\t\t\t\t\t\t\t<span class=\"elementor-button-text\">DRE - Anuncio 2856\/2022<\/span>\n\t\t\t\t\t<\/span>\n\t\t\t\t\t<\/a>\n\t\t\t\t<\/div>\n\t\t\t\t\t\t\t\t<\/div>\n\t\t\t\t<\/div>\n\t\t\t\t\t<\/div>\n\t\t<\/div>\n\t\t\t\t\t<\/div>\n\t\t<\/section>\n\t\t\t\t<div class=\"elementor-element elementor-element-79d7139 elementor-widget elementor-widget-text-editor\" data-id=\"79d7139\" data-element_type=\"widget\" data-e-type=\"widget\" data-widget_type=\"text-editor.default\">\n\t\t\t\t<div class=\"elementor-widget-container\">\n\t\t\t\t\t\t\t\t\t<ul><li>Plazo de presentaci\u00f3n de ofertas: 18.00 horas del 29\/03\/2022 (art\u00edculo 11.1 del PC)<\/li><li>Plazo de presentaci\u00f3n de solicitudes de aclaraci\u00f3n - 18.00 horas del 16\/03\/2022 (art. 4(2) del CP)<\/li><li>Los corredores de seguros pueden ser competidores.<\/li><\/ul><p>*Segunda serie, n\u00ba 48 de 09\/03\/2023, Parte L - Licitaciones p\u00fablicas<\/p>\t\t\t\t\t\t\t\t<\/div>\n\t\t\t\t<\/div>\n\t\t\t\t<div class=\"elementor-element elementor-element-de9623b elementor-widget elementor-widget-heading\" data-id=\"de9623b\" data-element_type=\"widget\" data-e-type=\"widget\" data-widget_type=\"heading.default\">\n\t\t\t\t<div class=\"elementor-widget-container\">\n\t\t\t\t\t<h3 class=\"elementor-heading-title elementor-size-default\">Propuestas recibidas<\/h3>\t\t\t\t<\/div>\n\t\t\t\t<\/div>\n\t\t\t\t<div class=\"elementor-element elementor-element-4e8829d elementor-widget elementor-widget-text-editor\" data-id=\"4e8829d\" data-element_type=\"widget\" data-e-type=\"widget\" data-widget_type=\"text-editor.default\">\n\t\t\t\t<div class=\"elementor-widget-container\">\n\t\t\t\t\t\t\t\t\t<p>Una vez finalizado el plazo, se recibieron las siguientes propuestas por correo electr\u00f3nico:<\/p>\t\t\t\t\t\t\t\t<\/div>\n\t\t\t\t<\/div>\n\t\t\t\t<div class=\"elementor-element elementor-element-8407142 elementor-widget elementor-widget-shortcode\" data-id=\"8407142\" data-element_type=\"widget\" data-e-type=\"widget\" data-widget_type=\"shortcode.default\">\n\t\t\t\t<div class=\"elementor-widget-container\">\n\t\t\t\t\t\t\t<div class=\"elementor-shortcode\">\n<table id=\"tablepress-17\" class=\"tablepress tablepress-id-17\">\n<thead>\n<tr class=\"row-1\">\n\t<th class=\"column-1\">Empresa<br \/>\n<\/th><th class=\"column-2\">Fecha de presentaci\u00f3n de la oferta<\/th><th class=\"column-3\">Tiempo<\/th>\n<\/tr>\n<\/thead>\n<tbody class=\"row-striping row-hover\">\n<tr class=\"row-2\">\n\t<td class=\"column-1\">Seguros Melior<\/td><td class=\"column-2\">29\/Mar<\/td><td class=\"column-3\">11:43<\/td>\n<\/tr>\n<tr class=\"row-3\">\n\t<td class=\"column-1\">Lusitania<\/td><td class=\"column-2\">29\/Mar<\/td><td class=\"column-3\">15:37<\/td>\n<\/tr>\n<tr class=\"row-4\">\n\t<td class=\"column-1\">Willis - Corredores de seguros<\/td><td class=\"column-2\">29\/Mar<\/td><td class=\"column-3\">17:48<\/td>\n<\/tr>\n<tr class=\"row-5\">\n\t<td class=\"column-1\">New-Call - Mediaci\u00f3n de seguros<\/td><td class=\"column-2\">29\/Mar<\/td><td class=\"column-3\">18:07<\/td>\n<\/tr>\n<\/tbody>\n<\/table>\n<\/div>\n\t\t\t\t\t\t<\/div>\n\t\t\t\t<\/div>\n\t\t\t\t<div class=\"elementor-element elementor-element-7e76016 elementor-widget elementor-widget-heading\" data-id=\"7e76016\" data-element_type=\"widget\" data-e-type=\"widget\" data-widget_type=\"heading.default\">\n\t\t\t\t<div class=\"elementor-widget-container\">\n\t\t\t\t\t<h3 class=\"elementor-heading-title elementor-size-default\">Propuestas aceptadas \/ excluidas<\/h3>\t\t\t\t<\/div>\n\t\t\t\t<\/div>\n\t\t\t\t<div class=\"elementor-element elementor-element-d387be5 elementor-widget elementor-widget-text-editor\" data-id=\"d387be5\" data-element_type=\"widget\" data-e-type=\"widget\" data-widget_type=\"text-editor.default\">\n\t\t\t\t<div class=\"elementor-widget-container\">\n\t\t\t\t\t\t\t\t\t<p>Por decisi\u00f3n del jurado, las propuestas de los licitadores se consideraron admisibles:<\/p>\n<ul>\n<li>Seguros Melior<\/li>\n<li>Lusitania<\/li>\n<li>Willis - Corredores de seguros<\/li>\n<\/ul>\n<p>La candidatura de New-Call - Media\u00e7\u00e3o de Seguros fue rechazada porque no present\u00f3 su propuesta en el plazo previsto, ni tampoco todos los documentos exigidos en el pliego de condiciones.<\/p>\t\t\t\t\t\t\t\t<\/div>\n\t\t\t\t<\/div>\n\t\t\t\t\t<\/div>\n\t\t<\/div>\n\t\t\t\t\t<\/div>\n\t\t<\/section>\n\t\t\t\t<\/div>","protected":false},"excerpt":{"rendered":"<p>El seguro de responsabilidad civil profesional ya est\u00e1 en vigor, tras el concurso p\u00fablico promovido por el Colegio de Fisioterapeutas. <\/p>","protected":false},"author":1,"featured_media":4696,"comment_status":"closed","ping_status":"open","sticky":false,"template":"","format":"standard","meta":{"footnotes":""},"categories":[13],"tags":[],"class_list":["post-4695","post","type-post","status-publish","format-standard","has-post-thumbnail","hentry","category-noticias"],"_links":{"self":[{"href":"https:\/\/staging.ordemdosfisioterapeutas.pt\/es\/wp-json\/wp\/v2\/posts\/4695","targetHints":{"allow":["GET"]}}],"collection":[{"href":"https:\/\/staging.ordemdosfisioterapeutas.pt\/es\/wp-json\/wp\/v2\/posts"}],"about":[{"href":"https:\/\/staging.ordemdosfisioterapeutas.pt\/es\/wp-json\/wp\/v2\/types\/post"}],"author":[{"embeddable":true,"href":"https:\/\/staging.ordemdosfisioterapeutas.pt\/es\/wp-json\/wp\/v2\/users\/1"}],"replies":[{"embeddable":true,"href":"https:\/\/staging.ordemdosfisioterapeutas.pt\/es\/wp-json\/wp\/v2\/comments?post=4695"}],"version-history":[{"count":0,"href":"https:\/\/staging.ordemdosfisioterapeutas.pt\/es\/wp-json\/wp\/v2\/posts\/4695\/revisions"}],"wp:featuredmedia":[{"embeddable":true,"href":"https:\/\/staging.ordemdosfisioterapeutas.pt\/es\/wp-json\/wp\/v2\/media\/4696"}],"wp:attachment":[{"href":"https:\/\/staging.ordemdosfisioterapeutas.pt\/es\/wp-json\/wp\/v2\/media?parent=4695"}],"wp:term":[{"taxonomy":"category","embeddable":true,"href":"https:\/\/staging.ordemdosfisioterapeutas.pt\/es\/wp-json\/wp\/v2\/categories?post=4695"},{"taxonomy":"post_tag","embeddable":true,"href":"https:\/\/staging.ordemdosfisioterapeutas.pt\/es\/wp-json\/wp\/v2\/tags?post=4695"}],"curies":[{"name":"wp","href":"https:\/\/api.w.org\/{rel}","templated":true}]}}