{"id":4731,"date":"2022-06-23T16:15:00","date_gmt":"2022-06-23T15:15:00","guid":{"rendered":"https:\/\/staging.ordemdosfisioterapeutas.pt\/?p=4731"},"modified":"2022-06-29T13:49:34","modified_gmt":"2022-06-29T12:49:34","slug":"bastonario-da-ordem-dos-fisioterapeutas-participou-na-discussao-do-plano-estrategico-da-escola-superior-de-saude-de-santa-maria","status":"publish","type":"post","link":"https:\/\/staging.ordemdosfisioterapeutas.pt\/es\/noticias\/bastonario-da-ordem-dos-fisioterapeutas-participou-na-discussao-do-plano-estrategico-da-escola-superior-de-saude-de-santa-maria\/","title":{"rendered":"El presidente de la Orden de Fisioterapeutas particip\u00f3 en la discusi\u00f3n del Plan Estrat\u00e9gico de la Escuela de Salud Santa Mar\u00eda"},"content":{"rendered":"<div data-elementor-type=\"wp-post\" data-elementor-id=\"4731\" class=\"elementor elementor-4731\" data-elementor-post-type=\"post\">\n\t\t\t\t\t\t<section class=\"elementor-section elementor-top-section elementor-element elementor-element-cdd773a elementor-section-boxed elementor-section-height-default elementor-section-height-default\" data-id=\"cdd773a\" data-element_type=\"section\" data-e-type=\"section\">\n\t\t\t\t\t\t<div class=\"elementor-container elementor-column-gap-default\">\n\t\t\t\t\t<div class=\"elementor-column elementor-col-100 elementor-top-column elementor-element elementor-element-b71993b\" data-id=\"b71993b\" data-element_type=\"column\" data-e-type=\"column\">\n\t\t\t<div class=\"elementor-widget-wrap elementor-element-populated\">\n\t\t\t\t\t\t<div class=\"elementor-element elementor-element-de92d94 elementor-widget elementor-widget-text-editor\" data-id=\"de92d94\" data-element_type=\"widget\" data-e-type=\"widget\" data-widget_type=\"text-editor.default\">\n\t\t\t\t<div class=\"elementor-widget-container\">\n\t\t\t\t\t\t\t\t\t<p>El Presidente de la Orden de Fisioterapeutas de Portugal, Ant\u00f3nio Lopes, fue invitado a participar en la discusi\u00f3n del Plan Estrat\u00e9gico de la Escuela Superior de Salud Santa Mar\u00eda (ESSSM) para los a\u00f1os 2023-2027, que tuvo lugar el 4 de junio, en el Colegio Luso-Franc\u00e9s, en Oporto, con la presencia del Consejo de Administraci\u00f3n, Profesores, Personal, Alumnos y Socios de la ESSSM.<\/p><p>Con una reflexi\u00f3n centrada en la historia y el futuro de la Fisioterapia, el Presidente present\u00f3 la perspectiva integrada del trabajo que la Orden est\u00e1 realizando para desarrollar y afirmar la profesi\u00f3n. Ant\u00f3nio Lopes se\u00f1al\u00f3 que existen tres polos que impulsan el desarrollo de la profesi\u00f3n: uno centrado en el marco normativo (legislativo) y en la planificaci\u00f3n de los recursos humanos en el \u00e1rea de la salud; otro centrado en la producci\u00f3n y preparaci\u00f3n de los recursos humanos necesarios y un tercero que emplea los recursos humanos existentes. Subray\u00f3 que, aunque cada polo tiene actores, responsables y din\u00e1micas diferentes, los tres se influyen mutuamente y un cambio en uno de ellos puede repercutir en los dem\u00e1s.<\/p><p>De esta reflexi\u00f3n surgen los tres pilares que gu\u00edan el mandato del actual Consejo de la Orden de Fisioterapeutas:<\/p><p><strong>- La fisioterapia como disciplina cient\u00edfica<\/strong> (un centro de educaci\u00f3n b\u00e1sica y especializada y de investigaci\u00f3n);<\/p><p><strong>- La fisioterapia como profesi\u00f3n regulada<\/strong> (polo del marco reglamentario -al que se ha a\u00f1adido ahora la autorregulaci\u00f3n- y la redefinici\u00f3n del perfil profesional, la creaci\u00f3n del c\u00f3digo deontol\u00f3gico y las normas t\u00e9cnicas;<\/p><p><strong>- La fisioterapia como servicio<\/strong> (un centro para el empleo y el uso de fisioterapeutas, en diversos sectores y contextos).<\/p><p>En este contexto, el Presidente aprovech\u00f3 la oportunidad para subrayar la importancia del trabajo conjunto y regular entre las instituciones de ense\u00f1anza superior y el Colegio de Fisioterapeutas, con el fin de maximizar los beneficios que la funci\u00f3n reguladora del Colegio podr\u00eda tener en la educaci\u00f3n y la prestaci\u00f3n eficaz de servicios de fisioterapia.<\/p>\t\t\t\t\t\t\t\t<\/div>\n\t\t\t\t<\/div>\n\t\t\t\t<div class=\"elementor-element elementor-element-095173d elementor-widget elementor-widget-gallery\" data-id=\"095173d\" data-element_type=\"widget\" data-e-type=\"widget\" data-settings=\"{&quot;lazyload&quot;:&quot;yes&quot;,&quot;gallery_layout&quot;:&quot;grid&quot;,&quot;columns&quot;:4,&quot;columns_tablet&quot;:2,&quot;columns_mobile&quot;:1,&quot;gap&quot;:{&quot;unit&quot;:&quot;px&quot;,&quot;size&quot;:10,&quot;sizes&quot;:[]},&quot;gap_tablet&quot;:{&quot;unit&quot;:&quot;px&quot;,&quot;size&quot;:10,&quot;sizes&quot;:[]},&quot;gap_mobile&quot;:{&quot;unit&quot;:&quot;px&quot;,&quot;size&quot;:10,&quot;sizes&quot;:[]},&quot;link_to&quot;:&quot;file&quot;,&quot;aspect_ratio&quot;:&quot;3:2&quot;,&quot;overlay_background&quot;:&quot;yes&quot;,&quot;content_hover_animation&quot;:&quot;fade-in&quot;}\" data-widget_type=\"gallery.default\">\n\t\t\t\t<div class=\"elementor-widget-container\">\n\t\t\t\t\t\t\t<div class=\"elementor-gallery__container\">\n\t\t\t\t\t\t\t<a class=\"e-gallery-item elementor-gallery-item elementor-animated-content\" href=\"https:\/\/staging.ordemdosfisioterapeutas.pt\/wp-content\/uploads\/2022\/06\/IMG_4045.jpg\" data-elementor-open-lightbox=\"yes\" data-elementor-lightbox-slideshow=\"095173d\" data-elementor-lightbox-title=\"Baston\u00e1rio da Ordem dos Fisioterapeutas participou na discuss\u00e3o do Plano Estrat\u00e9gico da Escola Superior de Sa\u00fade de Santa Maria\" data-elementor-lightbox-description=\"Baston\u00e1rio da Ordem dos Fisioterapeutas participou na discuss\u00e3o do Plano Estrat\u00e9gico da Escola Superior de Sa\u00fade de Santa Maria\" data-e-action-hash=\"#elementor-action%3Aaction%3Dlightbox%26settings%3DeyJpZCI6NDc0MSwidXJsIjoiaHR0cHM6XC9cL3N0YWdpbmcub3JkZW1kb3NmaXNpb3RlcmFwZXV0YXMucHRcL3dwLWNvbnRlbnRcL3VwbG9hZHNcLzIwMjJcLzA2XC9JTUdfNDA0NS5qcGciLCJzbGlkZXNob3ciOiIwOTUxNzNkIn0%3D\">\n\t\t\t\t\t<div class=\"e-gallery-image elementor-gallery-item__image\" data-thumbnail=\"https:\/\/staging.ordemdosfisioterapeutas.pt\/wp-content\/uploads\/2022\/06\/IMG_4045-300x200.jpg\" data-width=\"300\" data-height=\"200\" aria-label=\"El presidente de la Orden de Fisioterapeutas particip\u00f3 en la discusi\u00f3n del Plan Estrat\u00e9gico de la Escuela de Salud Santa Mar\u00eda\" role=\"img\" ><\/div>\n\t\t\t\t\t\t\t\t\t\t\t<div class=\"elementor-gallery-item__overlay\"><\/div>\n\t\t\t\t\t\t\t\t\t\t\t\t\t\t<\/a>\n\t\t\t\t\t\t\t<a class=\"e-gallery-item elementor-gallery-item elementor-animated-content\" href=\"https:\/\/staging.ordemdosfisioterapeutas.pt\/wp-content\/uploads\/2022\/06\/IMG_4031.jpg\" data-elementor-open-lightbox=\"yes\" data-elementor-lightbox-slideshow=\"095173d\" data-elementor-lightbox-title=\"Baston\u00e1rio da Ordem dos Fisioterapeutas participou na discuss\u00e3o do Plano Estrat\u00e9gico da Escola Superior de Sa\u00fade de Santa Maria\" data-elementor-lightbox-description=\"Baston\u00e1rio da Ordem dos Fisioterapeutas participou na discuss\u00e3o do Plano Estrat\u00e9gico da Escola Superior de Sa\u00fade de Santa Maria\" data-e-action-hash=\"#elementor-action%3Aaction%3Dlightbox%26settings%3DeyJpZCI6NDc0MiwidXJsIjoiaHR0cHM6XC9cL3N0YWdpbmcub3JkZW1kb3NmaXNpb3RlcmFwZXV0YXMucHRcL3dwLWNvbnRlbnRcL3VwbG9hZHNcLzIwMjJcLzA2XC9JTUdfNDAzMS5qcGciLCJzbGlkZXNob3ciOiIwOTUxNzNkIn0%3D\">\n\t\t\t\t\t<div class=\"e-gallery-image elementor-gallery-item__image\" data-thumbnail=\"https:\/\/staging.ordemdosfisioterapeutas.pt\/wp-content\/uploads\/2022\/06\/IMG_4031-300x200.jpg\" data-width=\"300\" data-height=\"200\" aria-label=\"El presidente de la Orden de Fisioterapeutas particip\u00f3 en la discusi\u00f3n del Plan Estrat\u00e9gico de la Escuela de Salud Santa Mar\u00eda\" role=\"img\" ><\/div>\n\t\t\t\t\t\t\t\t\t\t\t<div class=\"elementor-gallery-item__overlay\"><\/div>\n\t\t\t\t\t\t\t\t\t\t\t\t\t\t<\/a>\n\t\t\t\t\t<\/div>\n\t\t\t\t\t<\/div>\n\t\t\t\t<\/div>\n\t\t\t\t\t<\/div>\n\t\t<\/div>\n\t\t\t\t\t<\/div>\n\t\t<\/section>\n\t\t\t\t<\/div>","protected":false},"excerpt":{"rendered":"<p>El Presidente de la Orden de Fisioterapeutas de Portugal, Ant\u00f3nio Lopes, fue invitado a participar en la discusi\u00f3n del Plan Estrat\u00e9gico de la Escuela Superior de Salud Santa Mar\u00eda (ESSSM) para los a\u00f1os 2023-2027, que tuvo lugar el 4 de junio, en el Colegio Luso-Franc\u00e9s, en Oporto, con la presencia del Consejo de Administraci\u00f3n, Profesores, Personal, Alumnos y Socios de la ESSSM.<\/p>","protected":false},"author":1,"featured_media":4741,"comment_status":"closed","ping_status":"open","sticky":false,"template":"","format":"standard","meta":{"footnotes":""},"categories":[13],"tags":[],"class_list":["post-4731","post","type-post","status-publish","format-standard","has-post-thumbnail","hentry","category-noticias"],"_links":{"self":[{"href":"https:\/\/staging.ordemdosfisioterapeutas.pt\/es\/wp-json\/wp\/v2\/posts\/4731","targetHints":{"allow":["GET"]}}],"collection":[{"href":"https:\/\/staging.ordemdosfisioterapeutas.pt\/es\/wp-json\/wp\/v2\/posts"}],"about":[{"href":"https:\/\/staging.ordemdosfisioterapeutas.pt\/es\/wp-json\/wp\/v2\/types\/post"}],"author":[{"embeddable":true,"href":"https:\/\/staging.ordemdosfisioterapeutas.pt\/es\/wp-json\/wp\/v2\/users\/1"}],"replies":[{"embeddable":true,"href":"https:\/\/staging.ordemdosfisioterapeutas.pt\/es\/wp-json\/wp\/v2\/comments?post=4731"}],"version-history":[{"count":0,"href":"https:\/\/staging.ordemdosfisioterapeutas.pt\/es\/wp-json\/wp\/v2\/posts\/4731\/revisions"}],"wp:featuredmedia":[{"embeddable":true,"href":"https:\/\/staging.ordemdosfisioterapeutas.pt\/es\/wp-json\/wp\/v2\/media\/4741"}],"wp:attachment":[{"href":"https:\/\/staging.ordemdosfisioterapeutas.pt\/es\/wp-json\/wp\/v2\/media?parent=4731"}],"wp:term":[{"taxonomy":"category","embeddable":true,"href":"https:\/\/staging.ordemdosfisioterapeutas.pt\/es\/wp-json\/wp\/v2\/categories?post=4731"},{"taxonomy":"post_tag","embeddable":true,"href":"https:\/\/staging.ordemdosfisioterapeutas.pt\/es\/wp-json\/wp\/v2\/tags?post=4731"}],"curies":[{"name":"wp","href":"https:\/\/api.w.org\/{rel}","templated":true}]}}