{"id":4791,"date":"2022-07-04T12:43:36","date_gmt":"2022-07-04T11:43:36","guid":{"rendered":"https:\/\/staging.ordemdosfisioterapeutas.pt\/?p=4791"},"modified":"2022-07-04T12:44:13","modified_gmt":"2022-07-04T11:44:13","slug":"encontro-da-ordem-dos-fisioterapeutas-com-a-socifin-portugal","status":"publish","type":"post","link":"https:\/\/staging.ordemdosfisioterapeutas.pt\/es\/noticias\/encontro-da-ordem-dos-fisioterapeutas-com-a-socifin-portugal\/","title":{"rendered":"Reuni\u00f3n de la Orden de Fisioterapeutas de Portugal con SOCIFIN Portugal"},"content":{"rendered":"<div data-elementor-type=\"wp-post\" data-elementor-id=\"4791\" class=\"elementor elementor-4791\" data-elementor-post-type=\"post\">\n\t\t\t\t\t\t<section class=\"elementor-section elementor-top-section elementor-element elementor-element-28a0e94 elementor-section-boxed elementor-section-height-default elementor-section-height-default\" data-id=\"28a0e94\" data-element_type=\"section\" data-e-type=\"section\">\n\t\t\t\t\t\t<div class=\"elementor-container elementor-column-gap-default\">\n\t\t\t\t\t<div class=\"elementor-column elementor-col-100 elementor-top-column elementor-element elementor-element-a60c27f\" data-id=\"a60c27f\" data-element_type=\"column\" data-e-type=\"column\">\n\t\t\t<div class=\"elementor-widget-wrap elementor-element-populated\">\n\t\t\t\t\t\t<div class=\"elementor-element elementor-element-4acfdb8 elementor-widget elementor-widget-text-editor\" data-id=\"4acfdb8\" data-element_type=\"widget\" data-e-type=\"widget\" data-widget_type=\"text-editor.default\">\n\t\t\t\t<div class=\"elementor-widget-container\">\n\t\t\t\t\t\t\t\t\t<div class=\"\">La Orden de Fisioterapeutas de Portugal se reuni\u00f3 el 24 de junio con SOCIFIN Portugal, la delegaci\u00f3n portuguesa de la Sociedad Cient\u00edfica de Fisioterapia Invasiva.\u00a0<\/div><div class=\"\">SOCIFIN Portugal present\u00f3 su visi\u00f3n de los procedimientos invasivos en el contexto musculoesquel\u00e9tico y los retos de futuro relacionados con el an\u00e1lisis de su evidencia y eficacia dentro del proceso fisioter\u00e1pico. La Orden reiter\u00f3 su voluntad de colaborar con todas las sociedades cient\u00edficas que promueven el desarrollo de la fisioterapia.<\/div><div class=\"\"><span class=\"\">En representaci\u00f3n de la Orden asistieron el Presidente, el Vicepresidente y los vocales, Ant\u00f3nio Lopes, Nuno Cordeiro, Pedro Rebelo y Afonso Neutel, respectivamente. SOCIFIN Portugal estuvo representada por su Presidente, Jos\u00e9 Pedro Leite, y su Vicepresidenta, Rita Moreira\".<\/span>\u00a0<\/div>\t\t\t\t\t\t\t\t<\/div>\n\t\t\t\t<\/div>\n\t\t\t\t\t<\/div>\n\t\t<\/div>\n\t\t\t\t\t<\/div>\n\t\t<\/section>\n\t\t\t\t<\/div>","protected":false},"excerpt":{"rendered":"<p>La Orden de Fisioterapeutas de Portugal se reuni\u00f3 el 24 de junio con SOCIFIN Portugal, la delegaci\u00f3n portuguesa de la Sociedad Cient\u00edfica de Fisioterapia Invasiva. <\/p>","protected":false},"author":1,"featured_media":4792,"comment_status":"closed","ping_status":"open","sticky":false,"template":"","format":"standard","meta":{"footnotes":""},"categories":[13],"tags":[],"class_list":["post-4791","post","type-post","status-publish","format-standard","has-post-thumbnail","hentry","category-noticias"],"_links":{"self":[{"href":"https:\/\/staging.ordemdosfisioterapeutas.pt\/es\/wp-json\/wp\/v2\/posts\/4791","targetHints":{"allow":["GET"]}}],"collection":[{"href":"https:\/\/staging.ordemdosfisioterapeutas.pt\/es\/wp-json\/wp\/v2\/posts"}],"about":[{"href":"https:\/\/staging.ordemdosfisioterapeutas.pt\/es\/wp-json\/wp\/v2\/types\/post"}],"author":[{"embeddable":true,"href":"https:\/\/staging.ordemdosfisioterapeutas.pt\/es\/wp-json\/wp\/v2\/users\/1"}],"replies":[{"embeddable":true,"href":"https:\/\/staging.ordemdosfisioterapeutas.pt\/es\/wp-json\/wp\/v2\/comments?post=4791"}],"version-history":[{"count":0,"href":"https:\/\/staging.ordemdosfisioterapeutas.pt\/es\/wp-json\/wp\/v2\/posts\/4791\/revisions"}],"wp:featuredmedia":[{"embeddable":true,"href":"https:\/\/staging.ordemdosfisioterapeutas.pt\/es\/wp-json\/wp\/v2\/media\/4792"}],"wp:attachment":[{"href":"https:\/\/staging.ordemdosfisioterapeutas.pt\/es\/wp-json\/wp\/v2\/media?parent=4791"}],"wp:term":[{"taxonomy":"category","embeddable":true,"href":"https:\/\/staging.ordemdosfisioterapeutas.pt\/es\/wp-json\/wp\/v2\/categories?post=4791"},{"taxonomy":"post_tag","embeddable":true,"href":"https:\/\/staging.ordemdosfisioterapeutas.pt\/es\/wp-json\/wp\/v2\/tags?post=4791"}],"curies":[{"name":"wp","href":"https:\/\/api.w.org\/{rel}","templated":true}]}}