{"id":4876,"date":"2022-07-26T17:01:38","date_gmt":"2022-07-26T16:01:38","guid":{"rendered":"https:\/\/staging.ordemdosfisioterapeutas.pt\/?p=4876"},"modified":"2022-07-26T17:02:44","modified_gmt":"2022-07-26T16:02:44","slug":"bastonario-da-ordem-dos-fisioterapeutas-e-bastonario-da-ordem-dos-farmaceuticos-reunidos","status":"publish","type":"post","link":"https:\/\/staging.ordemdosfisioterapeutas.pt\/es\/noticias\/bastonario-da-ordem-dos-fisioterapeutas-e-bastonario-da-ordem-dos-farmaceuticos-reunidos\/","title":{"rendered":"El Presidente de la Orden de Fisioterapeutas y el Presidente de la Orden de Farmac\u00e9uticos se re\u00fanen"},"content":{"rendered":"<div data-elementor-type=\"wp-post\" data-elementor-id=\"4876\" class=\"elementor elementor-4876\" data-elementor-post-type=\"post\">\n\t\t\t\t\t\t<section class=\"elementor-section elementor-top-section elementor-element elementor-element-099b456 elementor-section-boxed elementor-section-height-default elementor-section-height-default\" data-id=\"099b456\" data-element_type=\"section\" data-e-type=\"section\">\n\t\t\t\t\t\t<div class=\"elementor-container elementor-column-gap-default\">\n\t\t\t\t\t<div class=\"elementor-column elementor-col-100 elementor-top-column elementor-element elementor-element-10ed5c2\" data-id=\"10ed5c2\" data-element_type=\"column\" data-e-type=\"column\">\n\t\t\t<div class=\"elementor-widget-wrap elementor-element-populated\">\n\t\t\t\t\t\t<div class=\"elementor-element elementor-element-610c54f elementor-widget elementor-widget-text-editor\" data-id=\"610c54f\" data-element_type=\"widget\" data-e-type=\"widget\" data-widget_type=\"text-editor.default\">\n\t\t\t\t<div class=\"elementor-widget-container\">\n\t\t\t\t\t\t\t\t\t<p>El Presidente de la Orden de Fisioterapeutas, Ant\u00f3nio Lopes, y el Presidente de la Orden de Farmac\u00e9uticos, Helder Mota Filipe, se reunieron el 14 de julio. El Secretario General de la Orden de Farmac\u00e9uticos, Jorge Batista, tambi\u00e9n asisti\u00f3 a la reuni\u00f3n.<\/p><p>El objetivo de la reuni\u00f3n era estrechar las manos y continuar la colaboraci\u00f3n ya establecida entre ambas \u00d3rdenes, subrayando el deseo de seguir cooperando entre las dos instituciones.\u00a0<\/p><p>El Colegio de Fisioterapeutas ha destacado su especial inter\u00e9s por conocer el sistema de acreditaci\u00f3n de actividades de desarrollo profesional continuo vigente en el Colegio de Farmac\u00e9uticos, y ha previsto una reuni\u00f3n de trabajo m\u00e1s espec\u00edfica sobre este sistema. Otros temas de inter\u00e9s son el an\u00e1lisis de la experiencia de la Orden de Farmac\u00e9uticos como autoridad competente para el reconocimiento profesional y el trabajo realizado a nivel europeo.\u00a0<\/p><p>En este encuentro entre los dos Colegios tambi\u00e9n se analizaron otros temas de actualidad relacionados con el marco de los colegios profesionales.<\/p>\t\t\t\t\t\t\t\t<\/div>\n\t\t\t\t<\/div>\n\t\t\t\t\t<\/div>\n\t\t<\/div>\n\t\t\t\t\t<\/div>\n\t\t<\/section>\n\t\t\t\t<\/div>","protected":false},"excerpt":{"rendered":"<p>El Presidente del Colegio de Fisioterapeutas portugu\u00e9s, Ant\u00f3nio Lopes, y el Presidente del Colegio de Farmac\u00e9uticos, Helder Mota Filipe, se reunieron el 14 de julio.<\/p>","protected":false},"author":1,"featured_media":4877,"comment_status":"closed","ping_status":"open","sticky":false,"template":"","format":"standard","meta":{"footnotes":""},"categories":[13],"tags":[],"class_list":["post-4876","post","type-post","status-publish","format-standard","has-post-thumbnail","hentry","category-noticias"],"_links":{"self":[{"href":"https:\/\/staging.ordemdosfisioterapeutas.pt\/es\/wp-json\/wp\/v2\/posts\/4876","targetHints":{"allow":["GET"]}}],"collection":[{"href":"https:\/\/staging.ordemdosfisioterapeutas.pt\/es\/wp-json\/wp\/v2\/posts"}],"about":[{"href":"https:\/\/staging.ordemdosfisioterapeutas.pt\/es\/wp-json\/wp\/v2\/types\/post"}],"author":[{"embeddable":true,"href":"https:\/\/staging.ordemdosfisioterapeutas.pt\/es\/wp-json\/wp\/v2\/users\/1"}],"replies":[{"embeddable":true,"href":"https:\/\/staging.ordemdosfisioterapeutas.pt\/es\/wp-json\/wp\/v2\/comments?post=4876"}],"version-history":[{"count":0,"href":"https:\/\/staging.ordemdosfisioterapeutas.pt\/es\/wp-json\/wp\/v2\/posts\/4876\/revisions"}],"wp:featuredmedia":[{"embeddable":true,"href":"https:\/\/staging.ordemdosfisioterapeutas.pt\/es\/wp-json\/wp\/v2\/media\/4877"}],"wp:attachment":[{"href":"https:\/\/staging.ordemdosfisioterapeutas.pt\/es\/wp-json\/wp\/v2\/media?parent=4876"}],"wp:term":[{"taxonomy":"category","embeddable":true,"href":"https:\/\/staging.ordemdosfisioterapeutas.pt\/es\/wp-json\/wp\/v2\/categories?post=4876"},{"taxonomy":"post_tag","embeddable":true,"href":"https:\/\/staging.ordemdosfisioterapeutas.pt\/es\/wp-json\/wp\/v2\/tags?post=4876"}],"curies":[{"name":"wp","href":"https:\/\/api.w.org\/{rel}","templated":true}]}}