{"id":4882,"date":"2022-07-06T15:20:00","date_gmt":"2022-07-06T14:20:00","guid":{"rendered":"https:\/\/staging.ordemdosfisioterapeutas.pt\/?p=4882"},"modified":"2022-07-27T15:24:21","modified_gmt":"2022-07-27T14:24:21","slug":"ordem-dos-fisioterapeutas-participa-na-7-a-edicao-do-porto-international-hip-meeting","status":"publish","type":"post","link":"https:\/\/staging.ordemdosfisioterapeutas.pt\/es\/noticias\/ordem-dos-fisioterapeutas-participa-na-7-a-edicao-do-porto-international-hip-meeting\/","title":{"rendered":"Ordem dos Fisioterapeutas participa en la 7\u00aa edici\u00f3n del Encuentro Internacional de Caderas de Oporto"},"content":{"rendered":"<div data-elementor-type=\"wp-post\" data-elementor-id=\"4882\" class=\"elementor elementor-4882\" data-elementor-post-type=\"post\">\n\t\t\t\t\t\t<section class=\"elementor-section elementor-top-section elementor-element elementor-element-ff4941b elementor-section-boxed elementor-section-height-default elementor-section-height-default\" data-id=\"ff4941b\" data-element_type=\"section\" data-e-type=\"section\">\n\t\t\t\t\t\t<div class=\"elementor-container elementor-column-gap-default\">\n\t\t\t\t\t<div class=\"elementor-column elementor-col-100 elementor-top-column elementor-element elementor-element-f5d247f\" data-id=\"f5d247f\" data-element_type=\"column\" data-e-type=\"column\">\n\t\t\t<div class=\"elementor-widget-wrap elementor-element-populated\">\n\t\t\t\t\t\t<div class=\"elementor-element elementor-element-184f942 elementor-widget elementor-widget-text-editor\" data-id=\"184f942\" data-element_type=\"widget\" data-e-type=\"widget\" data-widget_type=\"text-editor.default\">\n\t\t\t\t<div class=\"elementor-widget-container\">\n\t\t\t\t\t\t\t\t\t<p>La 7\u00aa edici\u00f3n del Porto International Hip Meeting (PIHM2022) tuvo lugar los d\u00edas 1 y 2 de julio. El Presidente de la Orden de Fisioterapeutas, Ant\u00f3nio Lopes, particip\u00f3 en este evento de dos d\u00edas para actualizar y debatir sobre la patolog\u00eda de la cadera, concretamente en una sesi\u00f3n en la que se destac\u00f3 la importancia de los fisioterapeutas en el proceso de rehabilitaci\u00f3n de los pacientes con disfunci\u00f3n de cadera y la relaci\u00f3n de equipo con los cirujanos ortop\u00e9dicos: \"al ser dos profesiones distintas y complementarias, somos socios por naturaleza y podemos desarrollar nuestra actividad de forma que nos centremos en lo esencial, que es proporcionar una mejor atenci\u00f3n a nuestros usuarios\", afirm\u00f3.<\/p><p>Con el apoyo del panel internacional de cirujanos ortop\u00e9dicos del Comit\u00e9 Organizador general del PIHM2022, Jorge Cruz de Melo, Fernando Leal, Paulo Rego, Manuel Ribas, Ana Castel, Pedro Dantas, Lafayette Lage y Carlomango Cardenas, la sesi\u00f3n dedicada a la Fisioterapia, que tuvo lugar por segunda vez en el marco de este evento, cont\u00f3 con la participaci\u00f3n de cuatro miembros organizadores - \u00c1lvaro Magalh\u00e3es, Baltazar Moutela, Nelson Azevedo y Paulo Oliveira - y del Comit\u00e9 Cient\u00edfico, con cinco miembros - Duarte Pereira, Fernando Ribeiro, Nuno Cordeiro, (Vicepresidente 1\u00ba del Consejo de la Orden de Fisioterapeutas), Rui Gon\u00e7alves y Rui Torres.<\/p><p>En esta sesi\u00f3n, que cont\u00f3 con cinco mesas redondas sobre los temas 'Cirug\u00eda de cadera', 'Deporte', 'La cirug\u00eda como \u00faltimo recurso', 'El futuro de la Fisioterapia y la Ortopedia', as\u00ed como la presentaci\u00f3n de casos reales: 'Mi historia de cadera', se present\u00f3 y debati\u00f3 la importancia del Fisioterapeuta en todas las fases del proceso de intervenci\u00f3n en pacientes con disfunciones de cadera, concretamente en la valoraci\u00f3n y definici\u00f3n de objetivos de tratamiento e intervenci\u00f3n; en el apoyo al paciente en el proceso de toma de decisiones de procedimientos y plan de tratamiento y en el seguimiento preoperatorio y postoperatorio en r\u00e9gimen hospitalario o ambulatorio.<\/p><p>En su discurso, el Presidente de la Orden de Fisioterapeutas, Ant\u00f3nio Lopes, tambi\u00e9n se centr\u00f3 en los retos a los que se enfrentan la profesi\u00f3n y los fisioterapeutas para satisfacer las necesidades de todos los pacientes que recurren a sus servicios.<\/p>\t\t\t\t\t\t\t\t<\/div>\n\t\t\t\t<\/div>\n\t\t\t\t\t<\/div>\n\t\t<\/div>\n\t\t\t\t\t<\/div>\n\t\t<\/section>\n\t\t\t\t<\/div>","protected":false},"excerpt":{"rendered":"<p>Los d\u00edas 1 y 2 de julio se celebr\u00f3 la 7\u00aa edici\u00f3n del Encuentro Internacional de Caderas de Oporto (PIHM2022).<\/p>","protected":false},"author":1,"featured_media":4883,"comment_status":"closed","ping_status":"open","sticky":false,"template":"","format":"standard","meta":{"footnotes":""},"categories":[13],"tags":[],"class_list":["post-4882","post","type-post","status-publish","format-standard","has-post-thumbnail","hentry","category-noticias"],"_links":{"self":[{"href":"https:\/\/staging.ordemdosfisioterapeutas.pt\/es\/wp-json\/wp\/v2\/posts\/4882","targetHints":{"allow":["GET"]}}],"collection":[{"href":"https:\/\/staging.ordemdosfisioterapeutas.pt\/es\/wp-json\/wp\/v2\/posts"}],"about":[{"href":"https:\/\/staging.ordemdosfisioterapeutas.pt\/es\/wp-json\/wp\/v2\/types\/post"}],"author":[{"embeddable":true,"href":"https:\/\/staging.ordemdosfisioterapeutas.pt\/es\/wp-json\/wp\/v2\/users\/1"}],"replies":[{"embeddable":true,"href":"https:\/\/staging.ordemdosfisioterapeutas.pt\/es\/wp-json\/wp\/v2\/comments?post=4882"}],"version-history":[{"count":0,"href":"https:\/\/staging.ordemdosfisioterapeutas.pt\/es\/wp-json\/wp\/v2\/posts\/4882\/revisions"}],"wp:featuredmedia":[{"embeddable":true,"href":"https:\/\/staging.ordemdosfisioterapeutas.pt\/es\/wp-json\/wp\/v2\/media\/4883"}],"wp:attachment":[{"href":"https:\/\/staging.ordemdosfisioterapeutas.pt\/es\/wp-json\/wp\/v2\/media?parent=4882"}],"wp:term":[{"taxonomy":"category","embeddable":true,"href":"https:\/\/staging.ordemdosfisioterapeutas.pt\/es\/wp-json\/wp\/v2\/categories?post=4882"},{"taxonomy":"post_tag","embeddable":true,"href":"https:\/\/staging.ordemdosfisioterapeutas.pt\/es\/wp-json\/wp\/v2\/tags?post=4882"}],"curies":[{"name":"wp","href":"https:\/\/api.w.org\/{rel}","templated":true}]}}