{"id":4915,"date":"2022-08-02T13:03:35","date_gmt":"2022-08-02T12:03:35","guid":{"rendered":"https:\/\/staging.ordemdosfisioterapeutas.pt\/?p=4915"},"modified":"2022-08-02T13:04:11","modified_gmt":"2022-08-02T12:04:11","slug":"ordem-dos-fisioterapeutas-e-associacao-americana-de-fisioterapia-iniciam-colaboracao","status":"publish","type":"post","link":"https:\/\/staging.ordemdosfisioterapeutas.pt\/es\/noticias\/ordem-dos-fisioterapeutas-e-associacao-americana-de-fisioterapia-iniciam-colaboracao\/","title":{"rendered":"La Orden de Fisioterapeutas y la Asociaci\u00f3n Americana de Fisioterapia inician su colaboraci\u00f3n"},"content":{"rendered":"<div data-elementor-type=\"wp-post\" data-elementor-id=\"4915\" class=\"elementor elementor-4915\" data-elementor-post-type=\"post\">\n\t\t\t\t\t\t<section class=\"elementor-section elementor-top-section elementor-element elementor-element-06becf7 elementor-section-boxed elementor-section-height-default elementor-section-height-default\" data-id=\"06becf7\" data-element_type=\"section\" data-e-type=\"section\">\n\t\t\t\t\t\t<div class=\"elementor-container elementor-column-gap-default\">\n\t\t\t\t\t<div class=\"elementor-column elementor-col-100 elementor-top-column elementor-element elementor-element-dbaa838\" data-id=\"dbaa838\" data-element_type=\"column\" data-e-type=\"column\">\n\t\t\t<div class=\"elementor-widget-wrap elementor-element-populated\">\n\t\t\t\t\t\t<div class=\"elementor-element elementor-element-0be3cba elementor-widget elementor-widget-text-editor\" data-id=\"0be3cba\" data-element_type=\"widget\" data-e-type=\"widget\" data-widget_type=\"text-editor.default\">\n\t\t\t\t<div class=\"elementor-widget-container\">\n\t\t\t\t\t\t\t\t\t<p>El 11 de julio, el Consejo de Administraci\u00f3n y la Oficina de Estudios y Planificaci\u00f3n de la Orden de Fisioterapeutas se reunieron con representantes de la Asociaci\u00f3n Americana de Fisioterapia (APTA) (Presidente - Roger Herr, Vicepresidente de Relaciones P\u00fablicas - Aaron Bishop, Director Ejecutivo - Justin Moore y Director de Relaciones P\u00fablicas - Emilio Rouco) para comenzar a colaborar en el desarrollo de la profesi\u00f3n en Portugal.\u00a0\u00a0<\/p><p>La APTA acord\u00f3 proporcionar asesoramiento sobre temas de actualidad en la profesi\u00f3n a la Junta Directiva del Colegio de Abogados y acceso electr\u00f3nico a los recursos que habitualmente se ponen a disposici\u00f3n de los miembros de la Asociaci\u00f3n, como forma de apoyar las iniciativas del Colegio de Abogados.\u00a0<\/p><p>El Consejo de la Orden de Fisioterapeutas est\u00e1 sumamente agradecido a la Asociaci\u00f3n Americana de Fisioterapia y espera que la colaboraci\u00f3n sea fruct\u00edfera.\u00a0<\/p>\t\t\t\t\t\t\t\t<\/div>\n\t\t\t\t<\/div>\n\t\t\t\t\t<\/div>\n\t\t<\/div>\n\t\t\t\t\t<\/div>\n\t\t<\/section>\n\t\t\t\t<\/div>","protected":false},"excerpt":{"rendered":"<p>La Junta Directiva y el Gabinete de Estudios y Planificaci\u00f3n del Colegio de Fisioterapeutas de Portugal se reunieron, el 11 de julio, con representantes de la Asociaci\u00f3n Americana de Fisioterapia - (APTA) American Physical Therapy Association (Presidente - Roger Herr, Vicepresidente de Relaciones P\u00fablicas - Aaron Bishop, Director Ejecutivo - Justin Moore y el Director de Relaciones P\u00fablicas - Emilio Rouco) para comenzar a colaborar en el desarrollo de la profesi\u00f3n en Portugal.<\/p>","protected":false},"author":1,"featured_media":4916,"comment_status":"closed","ping_status":"open","sticky":false,"template":"","format":"standard","meta":{"footnotes":""},"categories":[13],"tags":[],"class_list":["post-4915","post","type-post","status-publish","format-standard","has-post-thumbnail","hentry","category-noticias"],"_links":{"self":[{"href":"https:\/\/staging.ordemdosfisioterapeutas.pt\/es\/wp-json\/wp\/v2\/posts\/4915","targetHints":{"allow":["GET"]}}],"collection":[{"href":"https:\/\/staging.ordemdosfisioterapeutas.pt\/es\/wp-json\/wp\/v2\/posts"}],"about":[{"href":"https:\/\/staging.ordemdosfisioterapeutas.pt\/es\/wp-json\/wp\/v2\/types\/post"}],"author":[{"embeddable":true,"href":"https:\/\/staging.ordemdosfisioterapeutas.pt\/es\/wp-json\/wp\/v2\/users\/1"}],"replies":[{"embeddable":true,"href":"https:\/\/staging.ordemdosfisioterapeutas.pt\/es\/wp-json\/wp\/v2\/comments?post=4915"}],"version-history":[{"count":0,"href":"https:\/\/staging.ordemdosfisioterapeutas.pt\/es\/wp-json\/wp\/v2\/posts\/4915\/revisions"}],"wp:featuredmedia":[{"embeddable":true,"href":"https:\/\/staging.ordemdosfisioterapeutas.pt\/es\/wp-json\/wp\/v2\/media\/4916"}],"wp:attachment":[{"href":"https:\/\/staging.ordemdosfisioterapeutas.pt\/es\/wp-json\/wp\/v2\/media?parent=4915"}],"wp:term":[{"taxonomy":"category","embeddable":true,"href":"https:\/\/staging.ordemdosfisioterapeutas.pt\/es\/wp-json\/wp\/v2\/categories?post=4915"},{"taxonomy":"post_tag","embeddable":true,"href":"https:\/\/staging.ordemdosfisioterapeutas.pt\/es\/wp-json\/wp\/v2\/tags?post=4915"}],"curies":[{"name":"wp","href":"https:\/\/api.w.org\/{rel}","templated":true}]}}