{"id":5119,"date":"2022-09-28T11:06:55","date_gmt":"2022-09-28T10:06:55","guid":{"rendered":"https:\/\/staging.ordemdosfisioterapeutas.pt\/?p=5119"},"modified":"2022-09-28T11:09:24","modified_gmt":"2022-09-28T10:09:24","slug":"covid-19-e-gripe-ordem-dos-fisioterapeutas-apela-a-vacinacao","status":"publish","type":"post","link":"https:\/\/staging.ordemdosfisioterapeutas.pt\/es\/noticias\/covid-19-e-gripe-ordem-dos-fisioterapeutas-apela-a-vacinacao\/","title":{"rendered":"Covid-19 y la gripe: la orden de los fisioterapeutas portugueses apela a la vacunaci\u00f3n"},"content":{"rendered":"<div data-elementor-type=\"wp-post\" data-elementor-id=\"5119\" class=\"elementor elementor-5119\" data-elementor-post-type=\"post\">\n\t\t\t\t\t\t<section class=\"elementor-section elementor-top-section elementor-element elementor-element-aa98b78 elementor-section-boxed elementor-section-height-default elementor-section-height-default\" data-id=\"aa98b78\" data-element_type=\"section\" data-e-type=\"section\">\n\t\t\t\t\t\t<div class=\"elementor-container elementor-column-gap-default\">\n\t\t\t\t\t<div class=\"elementor-column elementor-col-100 elementor-top-column elementor-element elementor-element-ce80b7c\" data-id=\"ce80b7c\" data-element_type=\"column\" data-e-type=\"column\">\n\t\t\t<div class=\"elementor-widget-wrap elementor-element-populated\">\n\t\t\t\t\t\t<div class=\"elementor-element elementor-element-0b8b2c1 elementor-widget elementor-widget-text-editor\" data-id=\"0b8b2c1\" data-element_type=\"widget\" data-e-type=\"widget\" data-widget_type=\"text-editor.default\">\n\t\t\t\t<div class=\"elementor-widget-container\">\n\t\t\t\t\t\t\t\t\t<p style=\"font-weight: 400;\">Los fisioterapeutas forman parte del grupo prioritario de profesionales de los servicios de salud (p\u00fablicos y privados) y de otros servicios sanitarios, en el marco de la campa\u00f1a de vacunaci\u00f3n de oto\u00f1o-invierno contra la COVID-19 y la gripe. Ver la <span style=\"text-decoration: underline;\"><a href=\"https:\/\/covid19.min-saude.pt\/normas-e-orientacoes\/\" target=\"_blank\" rel=\"noopener\">normas<\/a><\/span> de la DGS enviada a la Orden de Fisioterapeutas por el Centro Coordinador de Apoyo al Ministerio de Sanidad.<\/p><p style=\"font-weight: 400;\">La actual campa\u00f1a de vacunaci\u00f3n tiene lugar en centros de salud y centros de vacunaci\u00f3n espec\u00edficos. V\u00e9ase la lista: <span style=\"text-decoration: underline;\"><a href=\"https:\/\/covid19.min-saude.pt\/lista-de-centros-de-vacinacao\/\" target=\"_blank\" rel=\"noopener\">Lista de centros de vacunaci\u00f3n - Covid 19 (min-saude.pt)<\/a><\/span>. Como el a\u00f1o pasado, tambi\u00e9n est\u00e1 disponible la modalidad \"Casa Abierta\", mediante una contrase\u00f1a digital. Descubra c\u00f3mo acceder a ella en: <a href=\"https:\/\/covid19.min-saude.pt\/casa-aberta\/\" target=\"_blank\" rel=\"noopener\"><span style=\"text-decoration: underline;\">Jornada de puertas abiertas - Covid 19<\/span><\/a>. La Orden hace un llamamiento a los fisioterapeutas para que se vacunen, ya que deben ir acompa\u00f1ados de su tarjeta profesional o de una declaraci\u00f3n de su empleador que acredite su actividad profesional. M\u00e1s informaci\u00f3n en: <span style=\"text-decoration: underline;\"><a href=\"https:\/\/covid19.min-saude.pt\/campanha-de-vacinacao-do-outono-inverno-contra-a-covid-19-e-gripe\/\" target=\"_blank\" rel=\"noopener\">Campa\u00f1a de vacunaci\u00f3n de oto\u00f1o-invierno contra el COVID-19 y la gripe - Covid 19 (min-saude.pt)<\/a><\/span><\/p>\t\t\t\t\t\t\t\t<\/div>\n\t\t\t\t<\/div>\n\t\t\t\t\t<\/div>\n\t\t<\/div>\n\t\t\t\t\t<\/div>\n\t\t<\/section>\n\t\t\t\t<\/div>","protected":false},"excerpt":{"rendered":"<p>Los fisioterapeutas forman parte del grupo prioritario de profesionales de los servicios de salud (p\u00fablicos y privados) y de otros servicios sanitarios, en el marco de la campa\u00f1a de vacunaci\u00f3n de oto\u00f1o-invierno contra el COVID-19 y contra la gripe.<\/p>","protected":false},"author":1,"featured_media":5120,"comment_status":"closed","ping_status":"open","sticky":false,"template":"","format":"standard","meta":{"footnotes":""},"categories":[13],"tags":[],"class_list":["post-5119","post","type-post","status-publish","format-standard","has-post-thumbnail","hentry","category-noticias"],"_links":{"self":[{"href":"https:\/\/staging.ordemdosfisioterapeutas.pt\/es\/wp-json\/wp\/v2\/posts\/5119","targetHints":{"allow":["GET"]}}],"collection":[{"href":"https:\/\/staging.ordemdosfisioterapeutas.pt\/es\/wp-json\/wp\/v2\/posts"}],"about":[{"href":"https:\/\/staging.ordemdosfisioterapeutas.pt\/es\/wp-json\/wp\/v2\/types\/post"}],"author":[{"embeddable":true,"href":"https:\/\/staging.ordemdosfisioterapeutas.pt\/es\/wp-json\/wp\/v2\/users\/1"}],"replies":[{"embeddable":true,"href":"https:\/\/staging.ordemdosfisioterapeutas.pt\/es\/wp-json\/wp\/v2\/comments?post=5119"}],"version-history":[{"count":0,"href":"https:\/\/staging.ordemdosfisioterapeutas.pt\/es\/wp-json\/wp\/v2\/posts\/5119\/revisions"}],"wp:featuredmedia":[{"embeddable":true,"href":"https:\/\/staging.ordemdosfisioterapeutas.pt\/es\/wp-json\/wp\/v2\/media\/5120"}],"wp:attachment":[{"href":"https:\/\/staging.ordemdosfisioterapeutas.pt\/es\/wp-json\/wp\/v2\/media?parent=5119"}],"wp:term":[{"taxonomy":"category","embeddable":true,"href":"https:\/\/staging.ordemdosfisioterapeutas.pt\/es\/wp-json\/wp\/v2\/categories?post=5119"},{"taxonomy":"post_tag","embeddable":true,"href":"https:\/\/staging.ordemdosfisioterapeutas.pt\/es\/wp-json\/wp\/v2\/tags?post=5119"}],"curies":[{"name":"wp","href":"https:\/\/api.w.org\/{rel}","templated":true}]}}