{"id":5134,"date":"2022-09-21T08:00:00","date_gmt":"2022-09-21T07:00:00","guid":{"rendered":"https:\/\/staging.ordemdosfisioterapeutas.pt\/?p=5134"},"modified":"2022-09-29T19:50:21","modified_gmt":"2022-09-29T18:50:21","slug":"ordem-dos-fisioterapeutas-recebe-associacao-nacional-de-jovens-na-fisioterapia%ef%bf%bc","status":"publish","type":"post","link":"https:\/\/staging.ordemdosfisioterapeutas.pt\/es\/noticias\/ordem-dos-fisioterapeutas-recebe-associacao-nacional-de-jovens-na-fisioterapia%ef%bf%bc\/","title":{"rendered":"La Orden de Fisioterapeutas recibe a la Asociaci\u00f3n Nacional de J\u00f3venes en Fisioterapia\ufffc"},"content":{"rendered":"<div data-elementor-type=\"wp-post\" data-elementor-id=\"5134\" class=\"elementor elementor-5134\" data-elementor-post-type=\"post\">\n\t\t\t\t\t\t<section class=\"elementor-section elementor-top-section elementor-element elementor-element-5fa4bc7 elementor-section-boxed elementor-section-height-default elementor-section-height-default\" data-id=\"5fa4bc7\" data-element_type=\"section\" data-e-type=\"section\">\n\t\t\t\t\t\t<div class=\"elementor-container elementor-column-gap-default\">\n\t\t\t\t\t<div class=\"elementor-column elementor-col-100 elementor-top-column elementor-element elementor-element-c3f6209\" data-id=\"c3f6209\" data-element_type=\"column\" data-e-type=\"column\">\n\t\t\t<div class=\"elementor-widget-wrap elementor-element-populated\">\n\t\t\t\t\t\t<div class=\"elementor-element elementor-element-0ba1a96 elementor-widget elementor-widget-text-editor\" data-id=\"0ba1a96\" data-element_type=\"widget\" data-e-type=\"widget\" data-widget_type=\"text-editor.default\">\n\t\t\t\t<div class=\"elementor-widget-container\">\n\t\t\t\t\t\t\t\t\t<p style=\"font-weight: 400;\">A <span style=\"text-decoration: underline;\"><a href=\"https:\/\/staging.ordemdosfisioterapeutas.pt\/es\/\" target=\"_blank\" rel=\"noopener\">Orden de Fisioterapeutas<\/a><\/span> (OF) se reuni\u00f3 con el <span style=\"text-decoration: underline;\"><a href=\"https:\/\/anjf.pt\/\" target=\"_blank\" rel=\"noopener\">Asociaci\u00f3n Nacional de J\u00f3venes Fisioterapeutas<\/a>(ANJF)<\/span> el 21 de septiembre.<\/p><p style=\"font-weight: 400;\">El objetivo de la reuni\u00f3n fue abordar y debatir cuestiones relacionadas con la poblaci\u00f3n objetivo de la asociaci\u00f3n cuya misi\u00f3n es \"representar a los Estudiantes de Fisioterapia y a los J\u00f3venes Fisioterapeutas Portugueses (...)\", concretamente la posibilidad de establecer condiciones especiales en cuanto al pago de las cuotas de colegiaci\u00f3n para aquellos que est\u00e9n terminando la carrera. La Orden reiter\u00f3 su voluntad de estudiar la propuesta en el marco de la preparaci\u00f3n de la propuesta de Presupuesto y de la propuesta de Plan de Actividades para 2023.<\/p><p style=\"font-weight: 400;\">La Asociaci\u00f3n Nacional de J\u00f3venes en Fisioterapia tambi\u00e9n pidi\u00f3 aclaraciones sobre el proceso de <span style=\"text-decoration: underline;\"><a href=\"https:\/\/staging.ordemdosfisioterapeutas.pt\/es\/especialidades-em-fisioterapia\/\" target=\"_blank\" rel=\"noopener\">creaci\u00f3n del consejo de especialidades<\/a><\/span> Profesionales de Fisioterapia en Portugal, con Ant\u00f3nio Lopes explicando el conjunto de etapas de este objetivo, que deriva de esta atribuci\u00f3n de la Orden de Fisioterapeutas, prevista en el art\u00edculo 4 del Estatuto de la Asociaci\u00f3n de Fisioterapeutas. <span style=\"text-decoration: underline;\"><a href=\"https:\/\/staging.ordemdosfisioterapeutas.pt\/es\/estatuto-e-regulamentos\/\" target=\"_blank\" rel=\"noopener\">Estatus<\/a><\/span>.<\/p><p style=\"font-weight: 400;\">En representaci\u00f3n de la Orden asistieron el Presidente y el Vocal Afonso Neutel. La ANJF estuvo representada por Beatriz Silva y Ant\u00f3nio Martins, recientemente elegidos presidenta y vicepresidente respectivamente, y la tesorera Sofia Tavares.<\/p>\t\t\t\t\t\t\t\t<\/div>\n\t\t\t\t<\/div>\n\t\t\t\t\t<\/div>\n\t\t<\/div>\n\t\t\t\t\t<\/div>\n\t\t<\/section>\n\t\t\t\t<\/div>","protected":false},"excerpt":{"rendered":"<p>La Orden de Fisioterapeutas (OF) se reuni\u00f3 el 21 de septiembre con la Asociaci\u00f3n Nacional de J\u00f3venes Fisioterapeutas (ANJF).<\/p>","protected":false},"author":1,"featured_media":5135,"comment_status":"closed","ping_status":"open","sticky":false,"template":"","format":"standard","meta":{"footnotes":""},"categories":[13],"tags":[],"class_list":["post-5134","post","type-post","status-publish","format-standard","has-post-thumbnail","hentry","category-noticias"],"_links":{"self":[{"href":"https:\/\/staging.ordemdosfisioterapeutas.pt\/es\/wp-json\/wp\/v2\/posts\/5134","targetHints":{"allow":["GET"]}}],"collection":[{"href":"https:\/\/staging.ordemdosfisioterapeutas.pt\/es\/wp-json\/wp\/v2\/posts"}],"about":[{"href":"https:\/\/staging.ordemdosfisioterapeutas.pt\/es\/wp-json\/wp\/v2\/types\/post"}],"author":[{"embeddable":true,"href":"https:\/\/staging.ordemdosfisioterapeutas.pt\/es\/wp-json\/wp\/v2\/users\/1"}],"replies":[{"embeddable":true,"href":"https:\/\/staging.ordemdosfisioterapeutas.pt\/es\/wp-json\/wp\/v2\/comments?post=5134"}],"version-history":[{"count":0,"href":"https:\/\/staging.ordemdosfisioterapeutas.pt\/es\/wp-json\/wp\/v2\/posts\/5134\/revisions"}],"wp:featuredmedia":[{"embeddable":true,"href":"https:\/\/staging.ordemdosfisioterapeutas.pt\/es\/wp-json\/wp\/v2\/media\/5135"}],"wp:attachment":[{"href":"https:\/\/staging.ordemdosfisioterapeutas.pt\/es\/wp-json\/wp\/v2\/media?parent=5134"}],"wp:term":[{"taxonomy":"category","embeddable":true,"href":"https:\/\/staging.ordemdosfisioterapeutas.pt\/es\/wp-json\/wp\/v2\/categories?post=5134"},{"taxonomy":"post_tag","embeddable":true,"href":"https:\/\/staging.ordemdosfisioterapeutas.pt\/es\/wp-json\/wp\/v2\/tags?post=5134"}],"curies":[{"name":"wp","href":"https:\/\/api.w.org\/{rel}","templated":true}]}}