{"id":5154,"date":"2022-10-10T08:00:00","date_gmt":"2022-10-10T07:00:00","guid":{"rendered":"https:\/\/staging.ordemdosfisioterapeutas.pt\/?p=5154"},"modified":"2022-10-07T17:25:53","modified_gmt":"2022-10-07T16:25:53","slug":"ordem-dos-fisioterapeutas-assinala-o-dia-mundial-da-saude-mental","status":"publish","type":"post","link":"https:\/\/staging.ordemdosfisioterapeutas.pt\/es\/noticias\/ordem-dos-fisioterapeutas-assinala-o-dia-mundial-da-saude-mental\/","title":{"rendered":"La Orden de Fisioterapeutas de Portugal celebra el D\u00eda Mundial de la Salud Mental"},"content":{"rendered":"<div data-elementor-type=\"wp-post\" data-elementor-id=\"5154\" class=\"elementor elementor-5154\" data-elementor-post-type=\"post\">\n\t\t\t\t\t\t<section class=\"elementor-section elementor-top-section elementor-element elementor-element-76af550 elementor-section-boxed elementor-section-height-default elementor-section-height-default\" data-id=\"76af550\" data-element_type=\"section\" data-e-type=\"section\">\n\t\t\t\t\t\t<div class=\"elementor-container elementor-column-gap-default\">\n\t\t\t\t\t<div class=\"elementor-column elementor-col-100 elementor-top-column elementor-element elementor-element-06961f6\" data-id=\"06961f6\" data-element_type=\"column\" data-e-type=\"column\">\n\t\t\t<div class=\"elementor-widget-wrap elementor-element-populated\">\n\t\t\t\t\t\t<div class=\"elementor-element elementor-element-50e2120 elementor-widget elementor-widget-text-editor\" data-id=\"50e2120\" data-element_type=\"widget\" data-e-type=\"widget\" data-widget_type=\"text-editor.default\">\n\t\t\t\t<div class=\"elementor-widget-container\">\n\t\t\t\t\t\t\t\t\t<p>El D\u00eda Mundial de la Salud Mental se celebra anualmente el 10 de octubre, fecha establecida por la Federaci\u00f3n Mundial de Salud Mental (FMSM). Hoy, la Organizaci\u00f3n Mundial de la Salud tambi\u00e9n reconoce y conmemora este d\u00eda. El tema de este a\u00f1o es \"<a href=\"https:\/\/www.who.int\/campaigns\/world-mental-health-day\/2022\" target=\"_blank\" rel=\"noopener\"><span style=\"text-decoration: underline;\">Hacer de la salud mental y el bienestar una prioridad mundial<\/span><\/a>\".<\/p><p>O <span style=\"text-decoration: underline;\"><a href=\"https:\/\/www.who.int\/publications\/i\/item\/9789240049338\" target=\"_blank\" rel=\"noopener\">Informe mundial sobre salud mental<\/a><\/span> de la OMS, publicado en junio de 2022, revel\u00f3 que ya antes de la pandemia, en 2019, alrededor de mil millones de personas luchaban contra alg\u00fan tipo de trastorno mental.<\/p><p><strong><u>Fisioterapia en salud mental<\/u><\/strong><\/p><p>En este D\u00eda Mundial de la Salud Mental, el Consejo de la Orden saluda la labor realizada por los fisioterapeutas en el \u00e1mbito de la salud mental.<\/p><p>En Portugal, de los 8905 fisioterapeutas inscritos en la Orden, 693 declaran haber obtenido cualificaciones adicionales en el \u00e1rea de la Salud Mental y 598 declaran tener actividad cl\u00ednica en Salud Mental (gr\u00e1fico 1. distribuci\u00f3n por distrito). Tambi\u00e9n hay 185 fisioterapeutas con cualificaciones adicionales y actividad cl\u00ednica en Salud Mental, seg\u00fan la informaci\u00f3n extra\u00edda del formulario de inscripci\u00f3n.<\/p><p><em>Nota: los datos no incluyen a los afiliados que han suspendido o cancelado su afiliaci\u00f3n.<\/em><\/p>\t\t\t\t\t\t\t\t<\/div>\n\t\t\t\t<\/div>\n\t\t\t\t<div class=\"elementor-element elementor-element-b02d6fc elementor-widget elementor-widget-image\" data-id=\"b02d6fc\" data-element_type=\"widget\" data-e-type=\"widget\" data-widget_type=\"image.default\">\n\t\t\t\t<div class=\"elementor-widget-container\">\n\t\t\t\t\t\t\t\t\t\t\t\t\t\t\t<img fetchpriority=\"high\" decoding=\"async\" width=\"768\" height=\"622\" src=\"https:\/\/staging.ordemdosfisioterapeutas.pt\/wp-content\/uploads\/2022\/10\/grafico_saude_mental-768x622.png\" class=\"attachment-medium_large size-medium_large wp-image-5158\" alt=\"grafico_saude_mental\" srcset=\"https:\/\/staging.ordemdosfisioterapeutas.pt\/wp-content\/uploads\/2022\/10\/grafico_saude_mental-768x622.png 768w, https:\/\/staging.ordemdosfisioterapeutas.pt\/wp-content\/uploads\/2022\/10\/grafico_saude_mental-300x243.png 300w, https:\/\/staging.ordemdosfisioterapeutas.pt\/wp-content\/uploads\/2022\/10\/grafico_saude_mental-15x12.png 15w, https:\/\/staging.ordemdosfisioterapeutas.pt\/wp-content\/uploads\/2022\/10\/grafico_saude_mental.png 960w\" sizes=\"(max-width: 768px) 100vw, 768px\" \/>\t\t\t\t\t\t\t\t\t\t\t\t\t\t\t<\/div>\n\t\t\t\t<\/div>\n\t\t\t\t<div class=\"elementor-element elementor-element-54031f8 elementor-widget elementor-widget-text-editor\" data-id=\"54031f8\" data-element_type=\"widget\" data-e-type=\"widget\" data-widget_type=\"text-editor.default\">\n\t\t\t\t<div class=\"elementor-widget-container\">\n\t\t\t\t\t\t\t\t\t<p>La Fisioterapia en Salud Mental es un \u00e1rea transversal y espec\u00edfica de la Fisioterapia, que act\u00faa en diferentes \u00e1mbitos sanitarios, de salud mental, psiqui\u00e1tricos y de medicina psicosom\u00e1tica. Su objetivo es optimizar el bienestar a trav\u00e9s de estrategias de educaci\u00f3n para la salud y la promoci\u00f3n de 1) la conciencia del cuerpo, el movimiento y las emociones 3) la funcionalidad, 4) el ejercicio y la actividad f\u00edsica, integrando siempre las dimensiones f\u00edsica, mental y relacional.<\/p><p>La fisioterapia puede actuar en Salud Mental, concretamente en la relaci\u00f3n entre trastornos som\u00e1ticos y problemas psicol\u00f3gicos (alteraciones del sue\u00f1o, miedo relacionado con el dolor, estr\u00e9s psicol\u00f3gico y estado de \u00e1nimo depresivo asociado a una enfermedad cl\u00ednica); la relaci\u00f3n entre trastornos mentales leves y las principales enfermedades cr\u00f3nicas no transmisibles (ansiedad y depresi\u00f3n moderada asociadas a enfermedades cardiovasculares y respiratorias, diabetes y c\u00e1ncer), la relaci\u00f3n entre trastornos som\u00e1ticos y trastornos mentales leves (depresi\u00f3n asociada a dolor cr\u00f3nico, trastorno de estr\u00e9s postraum\u00e1tico asociado a la fibromialgia y ansiedad asociada a la enfermedad pulmonar obstructiva cr\u00f3nica) y en el abordaje especializado de las enfermedades mentales graves (depresi\u00f3n mayor, esquizofrenia, trastornos bipolares y conductas adictivas y dependencias) en unidades psiqui\u00e1tricas\/hospitales.<\/p>\t\t\t\t\t\t\t\t<\/div>\n\t\t\t\t<\/div>\n\t\t\t\t\t<\/div>\n\t\t<\/div>\n\t\t\t\t\t<\/div>\n\t\t<\/section>\n\t\t\t\t<\/div>","protected":false},"excerpt":{"rendered":"<p>El D\u00eda Mundial de la Salud Mental se celebra anualmente el 10 de octubre, fecha establecida por la Federaci\u00f3n Mundial de Salud Mental (WHOF)<\/p>","protected":false},"author":1,"featured_media":5155,"comment_status":"closed","ping_status":"open","sticky":false,"template":"","format":"standard","meta":{"footnotes":""},"categories":[13],"tags":[],"class_list":["post-5154","post","type-post","status-publish","format-standard","has-post-thumbnail","hentry","category-noticias"],"_links":{"self":[{"href":"https:\/\/staging.ordemdosfisioterapeutas.pt\/es\/wp-json\/wp\/v2\/posts\/5154","targetHints":{"allow":["GET"]}}],"collection":[{"href":"https:\/\/staging.ordemdosfisioterapeutas.pt\/es\/wp-json\/wp\/v2\/posts"}],"about":[{"href":"https:\/\/staging.ordemdosfisioterapeutas.pt\/es\/wp-json\/wp\/v2\/types\/post"}],"author":[{"embeddable":true,"href":"https:\/\/staging.ordemdosfisioterapeutas.pt\/es\/wp-json\/wp\/v2\/users\/1"}],"replies":[{"embeddable":true,"href":"https:\/\/staging.ordemdosfisioterapeutas.pt\/es\/wp-json\/wp\/v2\/comments?post=5154"}],"version-history":[{"count":0,"href":"https:\/\/staging.ordemdosfisioterapeutas.pt\/es\/wp-json\/wp\/v2\/posts\/5154\/revisions"}],"wp:featuredmedia":[{"embeddable":true,"href":"https:\/\/staging.ordemdosfisioterapeutas.pt\/es\/wp-json\/wp\/v2\/media\/5155"}],"wp:attachment":[{"href":"https:\/\/staging.ordemdosfisioterapeutas.pt\/es\/wp-json\/wp\/v2\/media?parent=5154"}],"wp:term":[{"taxonomy":"category","embeddable":true,"href":"https:\/\/staging.ordemdosfisioterapeutas.pt\/es\/wp-json\/wp\/v2\/categories?post=5154"},{"taxonomy":"post_tag","embeddable":true,"href":"https:\/\/staging.ordemdosfisioterapeutas.pt\/es\/wp-json\/wp\/v2\/tags?post=5154"}],"curies":[{"name":"wp","href":"https:\/\/api.w.org\/{rel}","templated":true}]}}