{"id":5209,"date":"2022-10-24T11:59:00","date_gmt":"2022-10-24T10:59:00","guid":{"rendered":"https:\/\/staging.ordemdosfisioterapeutas.pt\/?p=5209"},"modified":"2022-10-24T12:57:41","modified_gmt":"2022-10-24T11:57:41","slug":"intervencao-do-bastonario-sobre-a-fisioterapia-na-saude-mental","status":"publish","type":"post","link":"https:\/\/staging.ordemdosfisioterapeutas.pt\/es\/noticias\/intervencao-do-bastonario-sobre-a-fisioterapia-na-saude-mental\/","title":{"rendered":"Intervenci\u00f3n del Presidente del Colegio de Abogados de Portugal sobre la Fisioterapia en Salud Mental"},"content":{"rendered":"<div data-elementor-type=\"wp-post\" data-elementor-id=\"5209\" class=\"elementor elementor-5209\" data-elementor-post-type=\"post\">\n\t\t\t\t\t\t<section class=\"elementor-section elementor-top-section elementor-element elementor-element-5a567a6 elementor-section-boxed elementor-section-height-default elementor-section-height-default\" data-id=\"5a567a6\" data-element_type=\"section\" data-e-type=\"section\">\n\t\t\t\t\t\t<div class=\"elementor-container elementor-column-gap-default\">\n\t\t\t\t\t<div class=\"elementor-column elementor-col-100 elementor-top-column elementor-element elementor-element-4b021cc\" data-id=\"4b021cc\" data-element_type=\"column\" data-e-type=\"column\">\n\t\t\t<div class=\"elementor-widget-wrap elementor-element-populated\">\n\t\t\t\t\t\t<div class=\"elementor-element elementor-element-0da2849 elementor-widget elementor-widget-text-editor\" data-id=\"0da2849\" data-element_type=\"widget\" data-e-type=\"widget\" data-widget_type=\"text-editor.default\">\n\t\t\t\t<div class=\"elementor-widget-container\">\n\t\t\t\t\t\t\t\t\t<p>El Presidente del Colegio de Fisioterapeutas considera que \"(...) a pesar de las medidas legislativas, las respuestas puestas en marcha siguen siendo insuficientes, con notables asimetr\u00edas geogr\u00e1ficas y una clara falta de profesionales sanitarios integrados en los equipos de salud mental, as\u00ed como una omisi\u00f3n de la inclusi\u00f3n de fisioterapeutas en estos equipos\".\u00a0<br class=\"\" \/>\u00a0<br class=\"\" \/>En un mensaje <span style=\"text-decoration: underline;\"><a href=\"https:\/\/bit.ly\/Conferencia_APFISIO_SaudeMental\" target=\"_blank\" rel=\"noopener\">v\u00eddeo<\/a><\/span> En la conferencia \"Desaf\u00edos actuales y futuros de la Fisioterapia en Salud Mental\", organizada por la Asociaci\u00f3n Portuguesa de Fisioterapeutas APFISIO, Ant\u00f3nio Lopes destac\u00f3 que, aunque los fisioterapeutas y otros profesionales de la salud pueden no ser conscientes del papel y los beneficios de la intervenci\u00f3n, el \u00e1mbito de la pr\u00e1ctica de la Fisioterapia en Salud Mental y Psiquiatr\u00eda \"es hol\u00edstico, ecl\u00e9ctico y din\u00e1mico -ya que est\u00e1 constantemente informado por la evidencia- y, como tal, es capaz de responder a las necesidades de salud de las personas y la sociedad.\"<br class=\"\" \/>\u00a0<br class=\"\" \/>En su discurso, transmitido el 22 de octubre, que tuvo lugar en la Escola Superior de Sa\u00fade - Instituto Polit\u00e9cnico de Leiria, Ant\u00f3nio Lopes dio un marco sobre las diversas dimensiones de la Fisioterapia en Salud Mental y las habilidades te\u00f3ricas, pr\u00e1cticas e interpersonales espec\u00edficas que los Fisioterapeutas deben tener, se\u00f1alando que una de las razones por las que los beneficios de las intervenciones de Fisioterapia no siempre llegan a los usuarios con problemas de salud mental es la falta o inadecuada formaci\u00f3n de los Fisioterapeutas en esta \u00e1rea.\u00a0<br class=\"\" \/>\u00a0<br class=\"\" \/>A pesar de ello, seg\u00fan las declaraciones presentadas al inscribirse en la Orden, de los m\u00e1s de 9.000 ya registrados, \"alrededor de 700 fisioterapeutas declaran haber obtenido cualificaciones adicionales en el \u00e1mbito de la salud mental, y alrededor de 600 fisioterapeutas declaran tener o haber tenido actividad cl\u00ednica en salud mental\".<br class=\"\" \/><br class=\"\" \/>Para mejorar esta situaci\u00f3n, destac\u00f3 el compromiso del Colegio de Fisioterapeutas en promover el acceso a la atenci\u00f3n fisioter\u00e1pica en el \u00e1rea de la salud mental, en apoyar y valorar a los que ya trabajan en este campo y en estudiar soluciones junto con las instituciones de ense\u00f1anza superior. En este contexto, record\u00f3 tambi\u00e9n el proceso de creaci\u00f3n de un marco de especialidades profesionales en Fisioterapia en Portugal, actualmente en curso, garantizando: \"\u00a1Trabajaremos para promover la Fisioterapia en Salud Mental!\u00a0<\/p>\t\t\t\t\t\t\t\t<\/div>\n\t\t\t\t<\/div>\n\t\t\t\t<section class=\"elementor-section elementor-inner-section elementor-element elementor-element-c43e203 elementor-section-boxed elementor-section-height-default elementor-section-height-default\" data-id=\"c43e203\" data-element_type=\"section\" data-e-type=\"section\">\n\t\t\t\t\t\t<div class=\"elementor-container elementor-column-gap-default\">\n\t\t\t\t\t<div class=\"elementor-column elementor-col-33 elementor-inner-column elementor-element elementor-element-05105ab\" data-id=\"05105ab\" data-element_type=\"column\" data-e-type=\"column\">\n\t\t\t<div class=\"elementor-widget-wrap\">\n\t\t\t\t\t\t\t<\/div>\n\t\t<\/div>\n\t\t\t\t<div class=\"elementor-column elementor-col-33 elementor-inner-column elementor-element elementor-element-77fad76\" data-id=\"77fad76\" data-element_type=\"column\" data-e-type=\"column\">\n\t\t\t<div class=\"elementor-widget-wrap elementor-element-populated\">\n\t\t\t\t\t\t<div class=\"elementor-element elementor-element-91c5507 elementor-widget elementor-widget-video\" data-id=\"91c5507\" data-element_type=\"widget\" data-e-type=\"widget\" data-settings=\"{&quot;youtube_url&quot;:&quot;https:\\\/\\\/www.youtube.com\\\/watch?v=Ov7VtHr_NGg&quot;,&quot;show_image_overlay&quot;:&quot;yes&quot;,&quot;image_overlay&quot;:{&quot;url&quot;:&quot;https:\\\/\\\/staging.ordemdosfisioterapeutas.pt\\\/wp-content\\\/uploads\\\/2022\\\/10\\\/THUMB_conferencia_apfisio.jpg&quot;,&quot;id&quot;:5211,&quot;size&quot;:&quot;&quot;,&quot;alt&quot;:&quot;Confer\\u00eancia Apfisio&quot;,&quot;source&quot;:&quot;library&quot;},&quot;video_type&quot;:&quot;youtube&quot;,&quot;controls&quot;:&quot;yes&quot;}\" data-widget_type=\"video.default\">\n\t\t\t\t<div class=\"elementor-widget-container\">\n\t\t\t\t\t\t\t<div class=\"elementor-wrapper elementor-open-inline\">\n\t\t\t<div class=\"elementor-video\"><\/div>\t\t\t\t<div class=\"elementor-custom-embed-image-overlay\" style=\"background-image: url(https:\/\/staging.ordemdosfisioterapeutas.pt\/wp-content\/uploads\/2022\/10\/THUMB_conferencia_apfisio.jpg);\">\n\t\t\t\t\t\t\t\t\t\t\t\t\t\t<\/div>\n\t\t\t\t\t<\/div>\n\t\t\t\t\t\t<\/div>\n\t\t\t\t<\/div>\n\t\t\t\t\t<\/div>\n\t\t<\/div>\n\t\t\t\t<div class=\"elementor-column elementor-col-33 elementor-inner-column elementor-element elementor-element-6d1f56d\" data-id=\"6d1f56d\" data-element_type=\"column\" data-e-type=\"column\">\n\t\t\t<div class=\"elementor-widget-wrap\">\n\t\t\t\t\t\t\t<\/div>\n\t\t<\/div>\n\t\t\t\t\t<\/div>\n\t\t<\/section>\n\t\t\t\t\t<\/div>\n\t\t<\/div>\n\t\t\t\t\t<\/div>\n\t\t<\/section>\n\t\t\t\t<\/div>","protected":false},"excerpt":{"rendered":"<p>El Presidente del Instituto Portugu\u00e9s de Fisioterapeutas considera que \"(...) a pesar de las medidas legislativas, las respuestas implementadas siguen siendo insuficientes, con notables asimetr\u00edas geogr\u00e1ficas y existe una clara falta de profesionales sanitarios integrados en los equipos de salud mental, as\u00ed como una omisi\u00f3n de la inclusi\u00f3n de fisioterapeutas en estos equipos\". <\/p>","protected":false},"author":1,"featured_media":5227,"comment_status":"closed","ping_status":"open","sticky":false,"template":"","format":"standard","meta":{"footnotes":""},"categories":[13],"tags":[],"class_list":["post-5209","post","type-post","status-publish","format-standard","has-post-thumbnail","hentry","category-noticias"],"_links":{"self":[{"href":"https:\/\/staging.ordemdosfisioterapeutas.pt\/es\/wp-json\/wp\/v2\/posts\/5209","targetHints":{"allow":["GET"]}}],"collection":[{"href":"https:\/\/staging.ordemdosfisioterapeutas.pt\/es\/wp-json\/wp\/v2\/posts"}],"about":[{"href":"https:\/\/staging.ordemdosfisioterapeutas.pt\/es\/wp-json\/wp\/v2\/types\/post"}],"author":[{"embeddable":true,"href":"https:\/\/staging.ordemdosfisioterapeutas.pt\/es\/wp-json\/wp\/v2\/users\/1"}],"replies":[{"embeddable":true,"href":"https:\/\/staging.ordemdosfisioterapeutas.pt\/es\/wp-json\/wp\/v2\/comments?post=5209"}],"version-history":[{"count":0,"href":"https:\/\/staging.ordemdosfisioterapeutas.pt\/es\/wp-json\/wp\/v2\/posts\/5209\/revisions"}],"wp:featuredmedia":[{"embeddable":true,"href":"https:\/\/staging.ordemdosfisioterapeutas.pt\/es\/wp-json\/wp\/v2\/media\/5227"}],"wp:attachment":[{"href":"https:\/\/staging.ordemdosfisioterapeutas.pt\/es\/wp-json\/wp\/v2\/media?parent=5209"}],"wp:term":[{"taxonomy":"category","embeddable":true,"href":"https:\/\/staging.ordemdosfisioterapeutas.pt\/es\/wp-json\/wp\/v2\/categories?post=5209"},{"taxonomy":"post_tag","embeddable":true,"href":"https:\/\/staging.ordemdosfisioterapeutas.pt\/es\/wp-json\/wp\/v2\/tags?post=5209"}],"curies":[{"name":"wp","href":"https:\/\/api.w.org\/{rel}","templated":true}]}}