{"id":5274,"date":"2022-11-08T17:18:42","date_gmt":"2022-11-08T17:18:42","guid":{"rendered":"https:\/\/staging.ordemdosfisioterapeutas.pt\/?p=5274"},"modified":"2023-04-02T10:55:53","modified_gmt":"2023-04-02T09:55:53","slug":"ordem-dos-fisioterapeutas-integra-a-world-physiotherapy","status":"publish","type":"post","link":"https:\/\/staging.ordemdosfisioterapeutas.pt\/es\/noticias\/ordem-dos-fisioterapeutas-integra-a-world-physiotherapy\/","title":{"rendered":"La Orden de Fisioterapeutas de Portugal se une a la Fisioterapia Mundial"},"content":{"rendered":"<p>La Orden de Fisioterapeutas est\u00e1 encantada de unirse a World Physiotherapy, y la <a href=\"https:\/\/www.erwcpt.eu\/\" target=\"_blank\" rel=\"noopener\">Regi\u00f3n de Europa<\/a>La Asociaci\u00f3n Portuguesa de Fisioterapeutas, admitida en 1963, sucedi\u00f3 por consenso a la Asociaci\u00f3n Portuguesa de Fisioterapeutas.<\/p>\n\n\n\n<p>Los miembros de la organizaci\u00f3n fundada en 1951 votaron electr\u00f3nicamente y aceptaron la candidatura formalizada por la Orden de Fisioterapeutas, como la estructura que regula la fisioterapia y los fisioterapeutas en Portugal, que entrar\u00e1 en vigor a partir de enero de 2023.<\/p>\n\n\n\n<p>M\u00e1s informaci\u00f3n en <a href=\"https:\/\/mailchi.mp\/world.physio\/new-brand-1015387?e=34390974e3\">comunicado de prensa<\/a> publicado por World Physiotherapy.<\/p>","protected":false},"excerpt":{"rendered":"<p>La Orden Portuguesa de Fisioterapeutas se congratula de formar parte de la Fisioterapia Mundial, y de la Regi\u00f3n Europea, sucediendo, de forma consensuada, a la Asociaci\u00f3n Portuguesa de Fisioterapeutas, que fue admitida en 1963.<\/p>","protected":false},"author":1,"featured_media":5283,"comment_status":"closed","ping_status":"open","sticky":false,"template":"","format":"standard","meta":{"footnotes":""},"categories":[13],"tags":[],"class_list":["post-5274","post","type-post","status-publish","format-standard","has-post-thumbnail","hentry","category-noticias"],"_links":{"self":[{"href":"https:\/\/staging.ordemdosfisioterapeutas.pt\/es\/wp-json\/wp\/v2\/posts\/5274","targetHints":{"allow":["GET"]}}],"collection":[{"href":"https:\/\/staging.ordemdosfisioterapeutas.pt\/es\/wp-json\/wp\/v2\/posts"}],"about":[{"href":"https:\/\/staging.ordemdosfisioterapeutas.pt\/es\/wp-json\/wp\/v2\/types\/post"}],"author":[{"embeddable":true,"href":"https:\/\/staging.ordemdosfisioterapeutas.pt\/es\/wp-json\/wp\/v2\/users\/1"}],"replies":[{"embeddable":true,"href":"https:\/\/staging.ordemdosfisioterapeutas.pt\/es\/wp-json\/wp\/v2\/comments?post=5274"}],"version-history":[{"count":0,"href":"https:\/\/staging.ordemdosfisioterapeutas.pt\/es\/wp-json\/wp\/v2\/posts\/5274\/revisions"}],"wp:featuredmedia":[{"embeddable":true,"href":"https:\/\/staging.ordemdosfisioterapeutas.pt\/es\/wp-json\/wp\/v2\/media\/5283"}],"wp:attachment":[{"href":"https:\/\/staging.ordemdosfisioterapeutas.pt\/es\/wp-json\/wp\/v2\/media?parent=5274"}],"wp:term":[{"taxonomy":"category","embeddable":true,"href":"https:\/\/staging.ordemdosfisioterapeutas.pt\/es\/wp-json\/wp\/v2\/categories?post=5274"},{"taxonomy":"post_tag","embeddable":true,"href":"https:\/\/staging.ordemdosfisioterapeutas.pt\/es\/wp-json\/wp\/v2\/tags?post=5274"}],"curies":[{"name":"wp","href":"https:\/\/api.w.org\/{rel}","templated":true}]}}