{"id":5284,"date":"2022-11-14T08:00:00","date_gmt":"2022-11-14T08:00:00","guid":{"rendered":"https:\/\/staging.ordemdosfisioterapeutas.pt\/?p=5284"},"modified":"2023-04-02T10:54:30","modified_gmt":"2023-04-02T09:54:30","slug":"ordem-dos-fisioterapeutas-assinala-dia-mundial-da-diabetes","status":"publish","type":"post","link":"https:\/\/staging.ordemdosfisioterapeutas.pt\/es\/noticias\/ordem-dos-fisioterapeutas-assinala-dia-mundial-da-diabetes\/","title":{"rendered":"La Orden de Fisioterapeutas de Portugal celebra el D\u00eda Mundial de la Diabetes"},"content":{"rendered":"<p>El D\u00eda Mundial de la Diabetes, que se celebra el 14 de noviembre, fue establecido en 1991 por la Federaci\u00f3n Internacional de Diabetes (FID) y la Organizaci\u00f3n Mundial de la Salud (OMS).<\/p>\n\n\n\n<p>Uno de cada diez adultos vive con diabetes, seg\u00fan el <a href=\"https:\/\/www.idf.org\/\">FDI<\/a> para 2021.  Entre los diversos factores que influyen en el desarrollo de la diabetes de tipo II, el m\u00e1s obvio es el estilo de vida urbanizado, que incluye una dieta poco saludable y un comportamiento sedentario. Estudios recientes demuestran que la adopci\u00f3n de un estilo de vida m\u00e1s saludable y la pr\u00e1ctica de actividad f\u00edsica pueden retrasar o incluso prevenir su aparici\u00f3n.  Recuerde: la Fisioterapia es un aliado en la prevenci\u00f3n y control de la Diabetes Tipo II, teniendo en cuenta su \u00e1rea de intervenci\u00f3n.<\/p>","protected":false},"excerpt":{"rendered":"<p>El D\u00eda Mundial de la Diabetes, que se celebra el 14 de noviembre, fue establecido en 1991 por la Federaci\u00f3n Internacional de Diabetes (FID) y la Organizaci\u00f3n Mundial de la Salud (OMS).<\/p>","protected":false},"author":1,"featured_media":5285,"comment_status":"closed","ping_status":"open","sticky":false,"template":"","format":"standard","meta":{"footnotes":""},"categories":[13],"tags":[],"class_list":["post-5284","post","type-post","status-publish","format-standard","has-post-thumbnail","hentry","category-noticias"],"_links":{"self":[{"href":"https:\/\/staging.ordemdosfisioterapeutas.pt\/es\/wp-json\/wp\/v2\/posts\/5284","targetHints":{"allow":["GET"]}}],"collection":[{"href":"https:\/\/staging.ordemdosfisioterapeutas.pt\/es\/wp-json\/wp\/v2\/posts"}],"about":[{"href":"https:\/\/staging.ordemdosfisioterapeutas.pt\/es\/wp-json\/wp\/v2\/types\/post"}],"author":[{"embeddable":true,"href":"https:\/\/staging.ordemdosfisioterapeutas.pt\/es\/wp-json\/wp\/v2\/users\/1"}],"replies":[{"embeddable":true,"href":"https:\/\/staging.ordemdosfisioterapeutas.pt\/es\/wp-json\/wp\/v2\/comments?post=5284"}],"version-history":[{"count":0,"href":"https:\/\/staging.ordemdosfisioterapeutas.pt\/es\/wp-json\/wp\/v2\/posts\/5284\/revisions"}],"wp:featuredmedia":[{"embeddable":true,"href":"https:\/\/staging.ordemdosfisioterapeutas.pt\/es\/wp-json\/wp\/v2\/media\/5285"}],"wp:attachment":[{"href":"https:\/\/staging.ordemdosfisioterapeutas.pt\/es\/wp-json\/wp\/v2\/media?parent=5284"}],"wp:term":[{"taxonomy":"category","embeddable":true,"href":"https:\/\/staging.ordemdosfisioterapeutas.pt\/es\/wp-json\/wp\/v2\/categories?post=5284"},{"taxonomy":"post_tag","embeddable":true,"href":"https:\/\/staging.ordemdosfisioterapeutas.pt\/es\/wp-json\/wp\/v2\/tags?post=5284"}],"curies":[{"name":"wp","href":"https:\/\/api.w.org\/{rel}","templated":true}]}}